{"id":2295,"date":"2015-03-03T15:04:35","date_gmt":"2015-03-03T13:04:35","guid":{"rendered":"http:\/\/www.psychee.org\/blog\/?p=2295"},"modified":"2015-03-03T20:36:21","modified_gmt":"2015-03-03T18:36:21","slug":"le-monde-de-la-bede-devoile-par-ga","status":"publish","type":"post","link":"http:\/\/www.psychee.org\/blog\/le-monde-de-la-bede-devoile-par-ga\/","title":{"rendered":"Le monde de la b\u00e9d\u00e9 d\u00e9voil\u00e9 par G\u00e4"},"content":{"rendered":"<p style=\"text-align: justify;\"><a href=\"http:\/\/www.babelio.com\/auteur\/Gal-Denhard\/141094\" target=\"_blank\">G\u00e4 (Ga\u00ebl Denhard),<\/a> est un auteur de bande dessin\u00e9e, <a href=\"http:\/\/blogs.rue89.nouvelobs.com\/un-crayon-dans-la-tete\" target=\"_blank\">dessinateur de presse, animateur de blogs,<\/a> et surtout dessinateur humoristique de grand talent \u00e0 la carri\u00e8re prolifique et, comme j&rsquo;aime \u00e0 le dire \u00ab\u00a0int\u00e9ressante, y compris au sens chinois du terme\u00a0\u00bb. J&rsquo;ai eu le plaisir de faire <a href=\"https:\/\/www.facebook.com\/pages\/G%C3%A4\/103967026321199?fref=photo\" target=\"_blank\">sa connaissance virtuelle<\/a> il y a peu, ce qui me touche beaucoup.\u00a0 Et c&rsquo;est donc avec son accord, et je l&rsquo;en remercie, que je vous fais partager aujourd&rsquo;hui ses strips sur l&rsquo;envers du d\u00e9cor de ce beau monde de la bande dessin\u00e9e, qu&rsquo;il a c\u00f4toy\u00e9 plus intimement que beaucoup d&rsquo;entre nous.<\/p>\n<p style=\"text-align: justify;\">Et des mythes et l\u00e9gendes risques bien de s&rsquo;effondrer pour vous \u00e0 la lecture de ces r\u00e9alit\u00e9s illustr\u00e9s avec grand art.<\/p>\n<p style=\"text-align: justify;\"><em>Pour lire, cliquez sur l&rsquo;image, et ensuite sur le petit lien \u00ab\u00a0suivant\u00a0\u00bb\u00a0 en haut \u00e0 droite, ou sur la petite fl\u00e8che lat\u00e9rale juste \u00e0 cot\u00e9.<\/em><\/p>\n<h2 class=\"uiHeaderTitle\" style=\"text-align: justify;\">COMMENT ON FAIT LES B\u00e9D\u00e9s?<\/h2>\n<p style=\"text-align: justify;\"><a href=\"https:\/\/www.facebook.com\/103967026321199\/photos\/a.807701882614373.1073741855.103967026321199\/807701929281035\/?type=1&amp;theater\" target=\"_blank\"><img data-recalc-dims=\"1\" loading=\"lazy\" decoding=\"async\" data-attachment-id=\"2296\" data-permalink=\"http:\/\/www.psychee.org\/blog\/le-monde-de-la-bede-devoile-par-ga\/ga1\/\" data-orig-file=\"https:\/\/i0.wp.com\/www.psychee.org\/blog\/wp-content\/uploads\/2015\/03\/ga1.jpg?fit=2048%2C1763\" data-orig-size=\"2048,1763\" data-comments-opened=\"1\" data-image-meta=\"{&quot;aperture&quot;:&quot;0&quot;,&quot;credit&quot;:&quot;&quot;,&quot;camera&quot;:&quot;&quot;,&quot;caption&quot;:&quot;&quot;,&quot;created_timestamp&quot;:&quot;0&quot;,&quot;copyright&quot;:&quot;&quot;,&quot;focal_length&quot;:&quot;0&quot;,&quot;iso&quot;:&quot;0&quot;,&quot;shutter_speed&quot;:&quot;0&quot;,&quot;title&quot;:&quot;&quot;,&quot;orientation&quot;:&quot;0&quot;}\" data-image-title=\"ga1\" data-image-description=\"\" data-image-caption=\"\" data-medium-file=\"https:\/\/i0.wp.com\/www.psychee.org\/blog\/wp-content\/uploads\/2015\/03\/ga1.jpg?fit=350%2C301\" data-large-file=\"https:\/\/i0.wp.com\/www.psychee.org\/blog\/wp-content\/uploads\/2015\/03\/ga1.jpg?fit=480%2C413\" class=\"alignnone size-medium wp-image-2296\" src=\"https:\/\/i0.wp.com\/www.psychee.org\/blog\/wp-content\/uploads\/2015\/03\/ga1.jpg?resize=350%2C301\" alt=\"ga1\" width=\"350\" height=\"301\" srcset=\"https:\/\/i0.wp.com\/www.psychee.org\/blog\/wp-content\/uploads\/2015\/03\/ga1.jpg?resize=350%2C301 350w, https:\/\/i0.wp.com\/www.psychee.org\/blog\/wp-content\/uploads\/2015\/03\/ga1.jpg?resize=290%2C250 290w, https:\/\/i0.wp.com\/www.psychee.org\/blog\/wp-content\/uploads\/2015\/03\/ga1.jpg?resize=480%2C413 480w, https:\/\/i0.wp.com\/www.psychee.org\/blog\/wp-content\/uploads\/2015\/03\/ga1.jpg?resize=900%2C775 900w, https:\/\/i0.wp.com\/www.psychee.org\/blog\/wp-content\/uploads\/2015\/03\/ga1.jpg?w=2048 2048w, https:\/\/i0.wp.com\/www.psychee.org\/blog\/wp-content\/uploads\/2015\/03\/ga1.jpg?w=1600 1600w\" sizes=\"auto, (max-width: 350px) 100vw, 350px\" \/><\/a><\/p>\n<h2 style=\"text-align: justify;\">Pourquoi j&rsquo;ai compl\u00e8tement fait foirer ma carri\u00e8re de dessinateur de bandes-dessin\u00e9es<\/h2>\n<p style=\"text-align: justify;\"><a href=\"https:\/\/www.facebook.com\/103967026321199\/photos\/a.808481272536434.1073741856.103967026321199\/808481319203096\/?type=1&amp;theater\" target=\"_blank\"><img data-recalc-dims=\"1\" loading=\"lazy\" decoding=\"async\" data-attachment-id=\"2298\" data-permalink=\"http:\/\/www.psychee.org\/blog\/le-monde-de-la-bede-devoile-par-ga\/ga2\/\" data-orig-file=\"https:\/\/i0.wp.com\/www.psychee.org\/blog\/wp-content\/uploads\/2015\/03\/ga2.jpg?fit=960%2C831\" data-orig-size=\"960,831\" data-comments-opened=\"1\" data-image-meta=\"{&quot;aperture&quot;:&quot;0&quot;,&quot;credit&quot;:&quot;&quot;,&quot;camera&quot;:&quot;&quot;,&quot;caption&quot;:&quot;&quot;,&quot;created_timestamp&quot;:&quot;0&quot;,&quot;copyright&quot;:&quot;&quot;,&quot;focal_length&quot;:&quot;0&quot;,&quot;iso&quot;:&quot;0&quot;,&quot;shutter_speed&quot;:&quot;0&quot;,&quot;title&quot;:&quot;&quot;,&quot;orientation&quot;:&quot;0&quot;}\" data-image-title=\"ga2\" data-image-description=\"\" data-image-caption=\"\" data-medium-file=\"https:\/\/i0.wp.com\/www.psychee.org\/blog\/wp-content\/uploads\/2015\/03\/ga2.jpg?fit=350%2C303\" data-large-file=\"https:\/\/i0.wp.com\/www.psychee.org\/blog\/wp-content\/uploads\/2015\/03\/ga2.jpg?fit=480%2C416\" class=\"alignnone size-medium wp-image-2298\" src=\"https:\/\/i0.wp.com\/www.psychee.org\/blog\/wp-content\/uploads\/2015\/03\/ga2.jpg?resize=350%2C303\" alt=\"ga2\" width=\"350\" height=\"303\" srcset=\"https:\/\/i0.wp.com\/www.psychee.org\/blog\/wp-content\/uploads\/2015\/03\/ga2.jpg?resize=350%2C303 350w, https:\/\/i0.wp.com\/www.psychee.org\/blog\/wp-content\/uploads\/2015\/03\/ga2.jpg?resize=290%2C251 290w, https:\/\/i0.wp.com\/www.psychee.org\/blog\/wp-content\/uploads\/2015\/03\/ga2.jpg?resize=480%2C416 480w, https:\/\/i0.wp.com\/www.psychee.org\/blog\/wp-content\/uploads\/2015\/03\/ga2.jpg?resize=900%2C779 900w, https:\/\/i0.wp.com\/www.psychee.org\/blog\/wp-content\/uploads\/2015\/03\/ga2.jpg?w=960 960w\" sizes=\"auto, (max-width: 350px) 100vw, 350px\" \/><\/a><\/p>\n<h2 style=\"text-align: justify;\">Comment j&rsquo;ai compl\u00e8tement fait foirer ma carri\u00e8re de dessinateur de b\u00e9d\u00e9s<\/h2>\n<p style=\"text-align: justify;\"><a href=\"https:\/\/www.facebook.com\/103967026321199\/photos\/a.841867679197793.1073741864.103967026321199\/841867712531123\/?type=1&amp;theater\" target=\"_blank\"><img data-recalc-dims=\"1\" loading=\"lazy\" decoding=\"async\" data-attachment-id=\"2300\" data-permalink=\"http:\/\/www.psychee.org\/blog\/le-monde-de-la-bede-devoile-par-ga\/ga3\/\" data-orig-file=\"https:\/\/i0.wp.com\/www.psychee.org\/blog\/wp-content\/uploads\/2015\/03\/ga3.jpg?fit=960%2C731\" data-orig-size=\"960,731\" data-comments-opened=\"1\" data-image-meta=\"{&quot;aperture&quot;:&quot;0&quot;,&quot;credit&quot;:&quot;&quot;,&quot;camera&quot;:&quot;&quot;,&quot;caption&quot;:&quot;&quot;,&quot;created_timestamp&quot;:&quot;0&quot;,&quot;copyright&quot;:&quot;&quot;,&quot;focal_length&quot;:&quot;0&quot;,&quot;iso&quot;:&quot;0&quot;,&quot;shutter_speed&quot;:&quot;0&quot;,&quot;title&quot;:&quot;&quot;,&quot;orientation&quot;:&quot;0&quot;}\" data-image-title=\"ga3\" data-image-description=\"\" data-image-caption=\"\" data-medium-file=\"https:\/\/i0.wp.com\/www.psychee.org\/blog\/wp-content\/uploads\/2015\/03\/ga3.jpg?fit=350%2C267\" data-large-file=\"https:\/\/i0.wp.com\/www.psychee.org\/blog\/wp-content\/uploads\/2015\/03\/ga3.jpg?fit=480%2C366\" class=\"alignnone size-medium wp-image-2300\" src=\"https:\/\/i0.wp.com\/www.psychee.org\/blog\/wp-content\/uploads\/2015\/03\/ga3.jpg?resize=350%2C267\" alt=\"ga3\" width=\"350\" height=\"267\" srcset=\"https:\/\/i0.wp.com\/www.psychee.org\/blog\/wp-content\/uploads\/2015\/03\/ga3.jpg?resize=350%2C267 350w, https:\/\/i0.wp.com\/www.psychee.org\/blog\/wp-content\/uploads\/2015\/03\/ga3.jpg?resize=290%2C221 290w, https:\/\/i0.wp.com\/www.psychee.org\/blog\/wp-content\/uploads\/2015\/03\/ga3.jpg?resize=480%2C366 480w, https:\/\/i0.wp.com\/www.psychee.org\/blog\/wp-content\/uploads\/2015\/03\/ga3.jpg?resize=900%2C685 900w, https:\/\/i0.wp.com\/www.psychee.org\/blog\/wp-content\/uploads\/2015\/03\/ga3.jpg?w=960 960w\" sizes=\"auto, (max-width: 350px) 100vw, 350px\" \/><\/a><\/p>\n<p style=\"text-align: justify;\">Bon je n&rsquo;ai toujours pas fini mon article pr\u00e9vu sur les tutoriaux et conseils que je voulais vous inviter \u00e0 d\u00e9couvrir pour vous lancer un peu dans le dessin et l&rsquo;illustration, de ceux que j&#8217;emploie et r\u00e9vise r\u00e9guli\u00e8rement moi-m\u00eame. Mais \u00e7a m&rsquo;a pris une chouille plus de temps que pr\u00e9vu, je vais essayer de finir demain soir.<\/p>\n","protected":false},"excerpt":{"rendered":"<p>G\u00e4 (Ga\u00ebl Denhard), est un auteur de bande dessin\u00e9e, dessinateur de presse, animateur de blogs, et surtout dessinateur humoristique de<\/p>\n","protected":false},"author":52,"featured_media":2296,"comment_status":"open","ping_status":"open","sticky":false,"template":"","format":"standard","meta":{"colormag_page_container_layout":"default_layout","colormag_page_sidebar_layout":"default_layout","jetpack_post_was_ever_published":false,"_jetpack_newsletter_access":"","_jetpack_dont_email_post_to_subs":false,"_jetpack_newsletter_tier_id":0,"_jetpack_memberships_contains_paywalled_content":false,"_jetpack_memberships_contains_paid_content":false,"footnotes":"","jetpack_publicize_message":"","jetpack_publicize_feature_enabled":true,"jetpack_social_post_already_shared":true,"jetpack_social_options":{"image_generator_settings":{"template":"highway","default_image_id":0,"font":"","enabled":false},"version":2}},"categories":[21,30,11],"tags":[133,288,59,291,242,286,287,407,289,258,290,281,119,34,31],"class_list":["post-2295","post","type-post","status-publish","format-standard","has-post-thumbnail","hentry","category-les-copainches","category-the-web","category-blog","tag-axelle","tag-bande-dessinee","tag-bede","tag-bedeiste","tag-bouet","tag-ga","tag-gael-denhard","tag-humeur","tag-humour","tag-illustration","tag-presse","tag-profession","tag-psychee","tag-site-artistique","tag-web"],"jetpack_publicize_connections":[],"jetpack_featured_media_url":"https:\/\/i0.wp.com\/www.psychee.org\/blog\/wp-content\/uploads\/2015\/03\/ga1.jpg?fit=2048%2C1763","jetpack_sharing_enabled":true,"jetpack_shortlink":"https:\/\/wp.me\/p2iISD-B1","jetpack-related-posts":[{"id":5930,"url":"http:\/\/www.psychee.org\/blog\/pourquoi-je-ne-fais-pas-de-bande-dessinee\/","url_meta":{"origin":2295,"position":0},"title":"Pourquoi je ne fais pas de bande dessin\u00e9e\u00a0?","author":"axelle Bouet","date":"26 janvier 2020","format":false,"excerpt":"Pourquoi je ne fais pas de bande dessin\u00e9e\u00a0? Je pose la question car en fait, c\u2019est vous qui me la posez et qui, souvent, \u00eates enthousiastes \u00e0 l\u2019id\u00e9e qu\u2019un jour, je fasse une bande dessin\u00e9e. Oui, je sais, mon trait s\u2019y pr\u00eate, mon traitement de noir et blanc et d\u2019encrage\u2026","rel":"","context":"Dans &quot;Humeur&quot;","block_context":{"text":"Humeur","link":"http:\/\/www.psychee.org\/blog\/category\/non-classe\/humeur\/"},"img":{"alt_text":"","src":"https:\/\/i0.wp.com\/www.psychee.org\/blog\/wp-content\/uploads\/2020\/01\/bandeau.png?fit=1098%2C589&resize=350%2C200","width":350,"height":200,"srcset":"https:\/\/i0.wp.com\/www.psychee.org\/blog\/wp-content\/uploads\/2020\/01\/bandeau.png?fit=1098%2C589&resize=350%2C200 1x, https:\/\/i0.wp.com\/www.psychee.org\/blog\/wp-content\/uploads\/2020\/01\/bandeau.png?fit=1098%2C589&resize=525%2C300 1.5x, https:\/\/i0.wp.com\/www.psychee.org\/blog\/wp-content\/uploads\/2020\/01\/bandeau.png?fit=1098%2C589&resize=700%2C400 2x, https:\/\/i0.wp.com\/www.psychee.org\/blog\/wp-content\/uploads\/2020\/01\/bandeau.png?fit=1098%2C589&resize=1050%2C600 3x"},"classes":[]},{"id":1684,"url":"http:\/\/www.psychee.org\/blog\/summer-of-fail-ou-comment-ne-jamais-faire-de-bande-dessinee\/","url_meta":{"origin":2295,"position":1},"title":"Summer of Fail, ou comment ne jamais faire de bande dessin\u00e9e","author":"axelle Bouet","date":"15 ao\u00fbt 2014","format":false,"excerpt":"J'avais cet article dans mes bidules non publi\u00e9s sur le blog pour cause de non-fini, et de flemme crasse, concentration de poisson rouge, et facult\u00e9 \u00e0 passer du coq \u00e0 l'\u00e2ne qui concurrencerait un chaton sous acide. Mais donc, j'avais bien pr\u00e9vu de participer au d\u00e9fi d'Alias, le Summer of\u2026","rel":"","context":"Dans &quot;Humeur&quot;","block_context":{"text":"Humeur","link":"http:\/\/www.psychee.org\/blog\/category\/non-classe\/humeur\/"},"img":{"alt_text":"","src":"https:\/\/i0.wp.com\/www.psychee.org\/blog\/wp-content\/uploads\/2014\/08\/Summer-of-Fail-1200.jpg?fit=1200%2C567&resize=350%2C200","width":350,"height":200,"srcset":"https:\/\/i0.wp.com\/www.psychee.org\/blog\/wp-content\/uploads\/2014\/08\/Summer-of-Fail-1200.jpg?fit=1200%2C567&resize=350%2C200 1x, https:\/\/i0.wp.com\/www.psychee.org\/blog\/wp-content\/uploads\/2014\/08\/Summer-of-Fail-1200.jpg?fit=1200%2C567&resize=525%2C300 1.5x, https:\/\/i0.wp.com\/www.psychee.org\/blog\/wp-content\/uploads\/2014\/08\/Summer-of-Fail-1200.jpg?fit=1200%2C567&resize=700%2C400 2x, https:\/\/i0.wp.com\/www.psychee.org\/blog\/wp-content\/uploads\/2014\/08\/Summer-of-Fail-1200.jpg?fit=1200%2C567&resize=1050%2C600 3x"},"classes":[]},{"id":2594,"url":"http:\/\/www.psychee.org\/blog\/sous-les-bulles-lautre-visage-du-monde-de-la-bd-video\/","url_meta":{"origin":2295,"position":2},"title":"Sous les bulles &#8211; L&rsquo;autre visage du monde de la BD (vid\u00e9o)","author":"axelle Bouet","date":"9 juin 2015","format":false,"excerpt":"Pendant que je bosse, il est fr\u00e9quent que je regarde des documentaires soit attrap\u00e9s au hasard sur le net, soit propos\u00e9s par des contacts. En g\u00e9n\u00e9ral, mon cerveau y colle une oreille, et \u00e7a m'occupe quelques neurones pendant que le reste vaque plus concentr\u00e9 alors \u00e0 mon taff, comme par\u2026","rel":"","context":"Dans &quot;Arts&quot;","block_context":{"text":"Arts","link":"http:\/\/www.psychee.org\/blog\/category\/non-classe\/arts\/"},"img":{"alt_text":"","src":"https:\/\/i0.wp.com\/www.psychee.org\/blog\/wp-content\/uploads\/2015\/06\/souslesbulles.jpg?fit=1100%2C526&resize=350%2C200","width":350,"height":200,"srcset":"https:\/\/i0.wp.com\/www.psychee.org\/blog\/wp-content\/uploads\/2015\/06\/souslesbulles.jpg?fit=1100%2C526&resize=350%2C200 1x, https:\/\/i0.wp.com\/www.psychee.org\/blog\/wp-content\/uploads\/2015\/06\/souslesbulles.jpg?fit=1100%2C526&resize=525%2C300 1.5x, https:\/\/i0.wp.com\/www.psychee.org\/blog\/wp-content\/uploads\/2015\/06\/souslesbulles.jpg?fit=1100%2C526&resize=700%2C400 2x, https:\/\/i0.wp.com\/www.psychee.org\/blog\/wp-content\/uploads\/2015\/06\/souslesbulles.jpg?fit=1100%2C526&resize=1050%2C600 3x"},"classes":[]},{"id":4228,"url":"http:\/\/www.psychee.org\/blog\/je-ne-parlerais-pas-de-valerian\/","url_meta":{"origin":2295,"position":3},"title":"Je ne parlerais pas de Val\u00e9rian\u2026","author":"axelle Bouet","date":"21 ao\u00fbt 2017","format":false,"excerpt":"\u2026 faut dire que c\u2019est l\u2019\u00e9v\u00e9nement oubliable de mon week-end genevois et que, quitte \u00e0 faire une critique d\u2019un truc digne d\u2019int\u00e9r\u00eat, je vais en faire plut\u00f4t de la bande dessin\u00e9e Zorglub, la Fille du Z. Mais commen\u00e7ons par remercier Isabelle et St\u00e9phane, mais aussi Sherrie, pour le week-end en\u2026","rel":"","context":"Dans &quot;Arts&quot;","block_context":{"text":"Arts","link":"http:\/\/www.psychee.org\/blog\/category\/non-classe\/arts\/"},"img":{"alt_text":"","src":"https:\/\/i0.wp.com\/www.psychee.org\/blog\/wp-content\/uploads\/2017\/08\/2191_rot_preview.jpg?fit=982%2C490&resize=350%2C200","width":350,"height":200,"srcset":"https:\/\/i0.wp.com\/www.psychee.org\/blog\/wp-content\/uploads\/2017\/08\/2191_rot_preview.jpg?fit=982%2C490&resize=350%2C200 1x, https:\/\/i0.wp.com\/www.psychee.org\/blog\/wp-content\/uploads\/2017\/08\/2191_rot_preview.jpg?fit=982%2C490&resize=525%2C300 1.5x, https:\/\/i0.wp.com\/www.psychee.org\/blog\/wp-content\/uploads\/2017\/08\/2191_rot_preview.jpg?fit=982%2C490&resize=700%2C400 2x"},"classes":[]},{"id":3823,"url":"http:\/\/www.psychee.org\/blog\/pas-beaucoup-de-dessin-recemment-mais-tout-est-relatif\/","url_meta":{"origin":2295,"position":4},"title":"Pas beaucoup de dessin r\u00e9cemment mais tout est relatif.","author":"axelle Bouet","date":"10 d\u00e9cembre 2016","format":false,"excerpt":"Et donc, parce que je ne vais pas trop m'attarder on vous montre les derniers r\u00e9alis\u00e9s. C'est vrai que je dessine moins que je voudrais, mais imp\u00e9ratifs pour mon boulot sur le jeu de r\u00f4le Les Chants de Loss, et soucis de sant\u00e9... et une sciatique et une table \u00e0\u2026","rel":"","context":"Dans &quot;Etudes Erdorin&quot;","block_context":{"text":"Etudes Erdorin","link":"http:\/\/www.psychee.org\/blog\/category\/illustrations\/erdorin\/"},"img":{"alt_text":"","src":"https:\/\/i0.wp.com\/www.psychee.org\/blog\/wp-content\/uploads\/2016\/12\/caranaval-final.jpg?fit=1200%2C726&resize=350%2C200","width":350,"height":200,"srcset":"https:\/\/i0.wp.com\/www.psychee.org\/blog\/wp-content\/uploads\/2016\/12\/caranaval-final.jpg?fit=1200%2C726&resize=350%2C200 1x, https:\/\/i0.wp.com\/www.psychee.org\/blog\/wp-content\/uploads\/2016\/12\/caranaval-final.jpg?fit=1200%2C726&resize=525%2C300 1.5x, https:\/\/i0.wp.com\/www.psychee.org\/blog\/wp-content\/uploads\/2016\/12\/caranaval-final.jpg?fit=1200%2C726&resize=700%2C400 2x, https:\/\/i0.wp.com\/www.psychee.org\/blog\/wp-content\/uploads\/2016\/12\/caranaval-final.jpg?fit=1200%2C726&resize=1050%2C600 3x"},"classes":[]},{"id":5948,"url":"http:\/\/www.psychee.org\/blog\/bande-decimee-angouleme-2020-suite-et-fin\/","url_meta":{"origin":2295,"position":5},"title":"Bande Decim\u00e9e, Angoul\u00eame 2020, suite et fin","author":"axelle Bouet","date":"1 f\u00e9vrier 2020","format":false,"excerpt":"Je ne vais pas vous emb\u00eater plus que cela. Oui, c'\u00e9tait du militantisme, oui, c\u2019\u00e9tait de la revendication, oui, j'ai fais gr\u00e9ve hier, enfin, comme j'ai pu... Comment on fait la gr\u00e9ve quand on fait une profession lib\u00e9rale, qui ne n\u00e9cessite pas de recevoir des clients, se passe chez soit,\u2026","rel":"","context":"Dans &quot;Artistes-auteurs&quot;","block_context":{"text":"Artistes-auteurs","link":"http:\/\/www.psychee.org\/blog\/category\/militantisme\/artistes-auteurs\/"},"img":{"alt_text":"","src":"https:\/\/i0.wp.com\/www.psychee.org\/blog\/wp-content\/uploads\/2020\/02\/bande-decimee.png?fit=826%2C315&resize=350%2C200","width":350,"height":200,"srcset":"https:\/\/i0.wp.com\/www.psychee.org\/blog\/wp-content\/uploads\/2020\/02\/bande-decimee.png?fit=826%2C315&resize=350%2C200 1x, https:\/\/i0.wp.com\/www.psychee.org\/blog\/wp-content\/uploads\/2020\/02\/bande-decimee.png?fit=826%2C315&resize=525%2C300 1.5x, https:\/\/i0.wp.com\/www.psychee.org\/blog\/wp-content\/uploads\/2020\/02\/bande-decimee.png?fit=826%2C315&resize=700%2C400 2x"},"classes":[]}],"jetpack_likes_enabled":true,"_links":{"self":[{"href":"http:\/\/www.psychee.org\/blog\/wp-json\/wp\/v2\/posts\/2295","targetHints":{"allow":["GET"]}}],"collection":[{"href":"http:\/\/www.psychee.org\/blog\/wp-json\/wp\/v2\/posts"}],"about":[{"href":"http:\/\/www.psychee.org\/blog\/wp-json\/wp\/v2\/types\/post"}],"author":[{"embeddable":true,"href":"http:\/\/www.psychee.org\/blog\/wp-json\/wp\/v2\/users\/52"}],"replies":[{"embeddable":true,"href":"http:\/\/www.psychee.org\/blog\/wp-json\/wp\/v2\/comments?post=2295"}],"version-history":[{"count":4,"href":"http:\/\/www.psychee.org\/blog\/wp-json\/wp\/v2\/posts\/2295\/revisions"}],"predecessor-version":[{"id":2390,"href":"http:\/\/www.psychee.org\/blog\/wp-json\/wp\/v2\/posts\/2295\/revisions\/2390"}],"wp:featuredmedia":[{"embeddable":true,"href":"http:\/\/www.psychee.org\/blog\/wp-json\/wp\/v2\/media\/2296"}],"wp:attachment":[{"href":"http:\/\/www.psychee.org\/blog\/wp-json\/wp\/v2\/media?parent=2295"}],"wp:term":[{"taxonomy":"category","embeddable":true,"href":"http:\/\/www.psychee.org\/blog\/wp-json\/wp\/v2\/categories?post=2295"},{"taxonomy":"post_tag","embeddable":true,"href":"http:\/\/www.psychee.org\/blog\/wp-json\/wp\/v2\/tags?post=2295"}],"curies":[{"name":"wp","href":"https:\/\/api.w.org\/{rel}","templated":true}]}}