{"id":3004,"date":"2015-10-09T12:13:05","date_gmt":"2015-10-09T10:13:05","guid":{"rendered":"http:\/\/www.psychee.org\/blog\/?p=3004"},"modified":"2015-12-28T21:48:58","modified_gmt":"2015-12-28T19:48:58","slug":"ne-nourrissez-pas-le-troll","status":"publish","type":"post","link":"http:\/\/www.psychee.org\/blog\/ne-nourrissez-pas-le-troll\/","title":{"rendered":"Ne nourrissez pas le troll !"},"content":{"rendered":"<p style=\"text-align: justify;\">Ok&#8230; vous voyez ce concours l\u00e0, relay\u00e9 partout et h\u00e9berg\u00e9 chez Talenthouse ?<br \/>\n<a href=\"https:\/\/www.talenthouse.com\/i\/design-for-valerian-fr\" target=\"_blank\">https:\/\/www.talenthouse.com\/i\/design-for-valerian-fr<\/a><\/p>\n<p style=\"text-align: justify;\"><a href=\"https:\/\/www.talenthouse.com\/i\/design-for-valerian-fr\" target=\"_blank\"><img data-recalc-dims=\"1\" loading=\"lazy\" decoding=\"async\" data-attachment-id=\"3005\" data-permalink=\"http:\/\/www.psychee.org\/blog\/ne-nourrissez-pas-le-troll\/troll2-2\/\" data-orig-file=\"https:\/\/i0.wp.com\/www.psychee.org\/blog\/wp-content\/uploads\/2015\/10\/troll2.jpg?fit=1100%2C760\" data-orig-size=\"1100,760\" data-comments-opened=\"1\" data-image-meta=\"{&quot;aperture&quot;:&quot;0&quot;,&quot;credit&quot;:&quot;&quot;,&quot;camera&quot;:&quot;&quot;,&quot;caption&quot;:&quot;&quot;,&quot;created_timestamp&quot;:&quot;0&quot;,&quot;copyright&quot;:&quot;&quot;,&quot;focal_length&quot;:&quot;0&quot;,&quot;iso&quot;:&quot;0&quot;,&quot;shutter_speed&quot;:&quot;0&quot;,&quot;title&quot;:&quot;&quot;,&quot;orientation&quot;:&quot;0&quot;}\" data-image-title=\"troll2\" data-image-description=\"\" data-image-caption=\"\" data-medium-file=\"https:\/\/i0.wp.com\/www.psychee.org\/blog\/wp-content\/uploads\/2015\/10\/troll2.jpg?fit=350%2C242\" data-large-file=\"https:\/\/i0.wp.com\/www.psychee.org\/blog\/wp-content\/uploads\/2015\/10\/troll2.jpg?fit=480%2C332\" class=\"alignnone size-large wp-image-3005\" src=\"https:\/\/i0.wp.com\/www.psychee.org\/blog\/wp-content\/uploads\/2015\/10\/troll2.jpg?resize=474%2C328\" alt=\"troll2\" width=\"474\" height=\"328\" srcset=\"https:\/\/i0.wp.com\/www.psychee.org\/blog\/wp-content\/uploads\/2015\/10\/troll2.jpg?resize=480%2C332 480w, https:\/\/i0.wp.com\/www.psychee.org\/blog\/wp-content\/uploads\/2015\/10\/troll2.jpg?resize=290%2C200 290w, https:\/\/i0.wp.com\/www.psychee.org\/blog\/wp-content\/uploads\/2015\/10\/troll2.jpg?resize=350%2C242 350w, https:\/\/i0.wp.com\/www.psychee.org\/blog\/wp-content\/uploads\/2015\/10\/troll2.jpg?resize=900%2C622 900w, https:\/\/i0.wp.com\/www.psychee.org\/blog\/wp-content\/uploads\/2015\/10\/troll2.jpg?w=1100 1100w\" sizes=\"auto, (max-width: 474px) 100vw, 474px\" \/><\/a><\/p>\n<p style=\"text-align: justify;\">Ok&#8230; ce concours est une saloperie, une injure, une arnaque. Un outil de baise \u00e0 grande \u00e9chelle. Un troll lanc\u00e9 par Luc Besson \u00e0 toute la face du monde cr\u00e9atif, celui des designers, des artistes, des auteurs, des dessinateurs de bande dessin\u00e9e, des stylistes, de tout ce que compte le monde de gens qui savent cr\u00e9er des choses avec leurs mimines dans tous les domaines artistiques.<\/p>\n<p style=\"text-align: justify;\">Des gens qui sont dans l&rsquo;immense majorit\u00e9 des cas sous-pay\u00e9s, mal consid\u00e9r\u00e9s, qui se d\u00e9m\u00e8nent pour travailler dans leur branche tout en faisant en g\u00e9n\u00e9ral un autre boulot merdatoire pour survivre&#8230; s&rsquo;ils ont, comme tout le monde, la chance d&rsquo;en avoir trouv\u00e9.<\/p>\n<p style=\"text-align: justify;\">Des gens qu&rsquo;on r\u00e9mun\u00e8re au lance-pierre, tout en les traitant de feignasses, qu&rsquo;on m\u00e9prise mais dont on a besoin d\u00e8s qu\u2019il faut des visuels (et regardez autour de vous&#8230; lesquels de vos produits n&rsquo;ont pas, ou ne sont pas des visuels ?) et qu&rsquo;on jette apr\u00e8s usage.\u00a0 Des gens qui se d\u00e9fendent comment ils peuvent au sein de nombres de collectifs, pour ne pas oser dire le mot syndicat qui f\u00e2che tellement en France, pour s&rsquo;en sortir et un petit peu moins se faire baiser.<\/p>\n<p style=\"text-align: justify;\">Des gens dont je fais partie, dont mes coll\u00e8gues font partie, une bonne partie de mes amis font partie !<!--more--><\/p>\n<p style=\"text-align: justify;\">Ok&#8230; donc un concours pour gagner 1000\u20ac \u00e7a veut dire quoi ?&#8230;. Ca veut dire que sur une sc\u00e8ne-clef de ce film (bal costum\u00e9 alien), une quantit\u00e9 de boulot qui devrait \u00eatre pay\u00e9 avec devis, facture, etc, va \u00eatre magiquement transform\u00e9 en taff gratos : on va juste r\u00e9compenser les 20 meilleurs avec une carotte ridicule. Et on aura des milliers (dizaines de milliers ?) de cons qui auront fait le boulot de styliste. Dans le tas, y&rsquo;aura de quoi piocher. Pour qui est styliste, inventer et dessiner un costume original et exploitable ne co\u00fbte pas 1000 \u20ac, mais bien plus\u00a0 parce que c&rsquo;est des heures de taff qui deviennent semaines et mois parfois, de recherche, de dessin, de r\u00e9flexion, de taff, de cr\u00e9ation. C&rsquo;est un m\u00e9tier. Le mien est pareil, et quand je dois inventer une cr\u00e9ature ou un personnage en d\u00e9tail, \u00e7a peut prendre des jours, des semaines, etc&#8230;<\/p>\n<p style=\"text-align: justify;\">Et avec ce concours, Luc Besson vient de TOUS nous troller.\u00a0 En beaut\u00e9. Format cin\u00e9mascope, av\u00e9 la 3D et les pop-corn. 1000 \u20ac pour ceux qui gagnent, attention ! Et le droit (\u00f4 joie, supeeeer&#8230;) de voir son costume pendant 1\/4 de seconde 3 douzi\u00e8mes dans une sc\u00e8ne de film qui sortira \u00e9ventuellement peut-\u00eatre aux calendes grecques.<\/p>\n<p style=\"text-align: justify;\">1000\u20ac, c&rsquo;est quoi ? C&rsquo;est un mois de base de taff moyen. C&rsquo;est quand il bosse bien ce que le cr\u00e9atif moyen gagne cela en France. Il est m\u00eame content : c&rsquo;est pas trop mauvais comme score mensuel. Car non, c&rsquo;est pas un salaire mensuel. Il paye tout avec cela, toutes les charges qu&rsquo;un salari\u00e9 voit jamais passer quand il a son salaire lui. Pour r\u00e9sumer, sur ses 1000 \u20ac, le cr\u00e9atif va en garder pour lui environ 400\u20ac, le reste part aux diff\u00e9rents avatars de l&rsquo;\u00e9tat (imp\u00f4ts, retraites, TVA, s\u00e9curit\u00e9 sociale etc)&#8230; \u00e0 savoir que la s\u00e9cu et la retraite ne sont pas du tout assur\u00e9s ou accessibles \u00e0 ces ind\u00e9pendants l\u00e0. Ils payent la cotisation ch\u00f4mage.\u00a0 Mais n&rsquo;y ont aucun droit. Mais ils doivent la payer quand m\u00eame. Comme vos patrons qui vous filent vos salaires.<\/p>\n<p style=\"text-align: justify;\">Le m\u00e9tier des cr\u00e9atifs est pr\u00e9caire, et Luc Besson pr\u00e9tends en \u00eatre un et pr\u00e9tendais m\u00eame le d\u00e9fendre&#8230; sauf qu&rsquo;il n&rsquo;a aucun respect pour ce m\u00e9tier, il est juste tr\u00e8s fier de sa carri\u00e8re&#8230;<\/p>\n<p style=\"text-align: justify;\">Il peut. Il n&rsquo;a sans doutes rien \u00e0 prouver. Pourquoi d\u00e8s lors se faire chier \u00e0 avoir le moindre respect et la plus petite consid\u00e9ration pour le m\u00e9tier de la cr\u00e9ation ?<\/p>\n<p style=\"text-align: justify;\">Trollons les cr\u00e9atifs, allez ; baisons les professionnels tout en bas de l&rsquo;\u00e9chelle sociale, qui cr\u00e8vent d\u00e9j\u00e0 en silence et sans faire de vagues. Allons-y : \u00e0 sec et avec du gravier.\u00a0 Et n&rsquo;oublions pas surtout aussi de prendre les amateurs pour des cons et des abrutis en leur sous-payant un boulot qui devrait faire l&rsquo;objet de vraies d\u00e9marches professionnelles. Ils sont cons, pourquoi se priver ?<\/p>\n<p style=\"text-align: justify;\">Le monde est tellement merveilleux.<\/p>\n<p style=\"text-align: justify;\">Alors piti\u00e9&#8230;. ne relayez pas ce concours, n&rsquo;en faites pas la promo, ne soutenez pas le cynisme de Luc Besson qui pleure sur son manque de moyens et le m\u00e9tier des cr\u00e9atifs en g\u00e9n\u00e9ral, pour le baiser l&rsquo;instant d&rsquo;apr\u00e8s !<\/p>\n<p style=\"text-align: justify;\">Ne nourrissez pas le troll ! Merci&#8230;<\/p>\n<p style=\"text-align: justify;\">PS : quelques infos sur le crowdsourcing -c&rsquo;est ainsi qu&rsquo;on appelle cette m\u00e9thodologie destructive de tout un m\u00e9tier- sur un tr\u00e8s bon article de blog. Je ne suis pas forc\u00e9ment d&rsquo;accord avec tout, et les propos regardent son auteur, mais l&rsquo;explication est cependant parfaite :<\/p>\n<p><a href=\"http:\/\/www.lesgraphisteries.com\/2012\/10\/15\/wilogo-creads-co-la-gangrene-du-creatif-par-le-crowdsourcing\/\" target=\"_blank\">http:\/\/www.lesgraphisteries.com\/2012\/10\/15\/wilogo-creads-co-la-gangrene-du-creatif-par-le-crowdsourcing\/<\/a><\/p>\n","protected":false},"excerpt":{"rendered":"<p>Ok&#8230; vous voyez ce concours l\u00e0, relay\u00e9 partout et h\u00e9berg\u00e9 chez Talenthouse ? https:\/\/www.talenthouse.com\/i\/design-for-valerian-fr Ok&#8230; ce concours est une saloperie,<\/p>\n","protected":false},"author":52,"featured_media":3006,"comment_status":"open","ping_status":"open","sticky":false,"template":"","format":"standard","meta":{"colormag_page_container_layout":"default_layout","colormag_page_sidebar_layout":"default_layout","jetpack_post_was_ever_published":false,"_jetpack_newsletter_access":"","_jetpack_dont_email_post_to_subs":false,"_jetpack_newsletter_tier_id":0,"_jetpack_memberships_contains_paywalled_content":false,"_jetpack_memberships_contains_paid_content":false,"footnotes":"","jetpack_publicize_message":"","jetpack_publicize_feature_enabled":true,"jetpack_social_post_already_shared":true,"jetpack_social_options":{"image_generator_settings":{"template":"highway","default_image_id":0,"font":"","enabled":false},"version":2}},"categories":[45,40,11],"tags":[133,242,408,344,29,431,428,119,18,430,429],"class_list":["post-3004","post","type-post","status-publish","format-standard","has-post-thumbnail","hentry","category-cinema","category-humeur","category-blog","tag-axelle","tag-bouet","tag-cinema","tag-concours","tag-copains","tag-coup-de-gueule","tag-luc-besson","tag-psychee","tag-travail","tag-troll","tag-valerian"],"jetpack_publicize_connections":[],"jetpack_featured_media_url":"https:\/\/i0.wp.com\/www.psychee.org\/blog\/wp-content\/uploads\/2015\/10\/troll.jpg?fit=1100%2C619","jetpack_sharing_enabled":true,"jetpack_shortlink":"https:\/\/wp.me\/p2iISD-Ms","jetpack-related-posts":[{"id":4475,"url":"http:\/\/www.psychee.org\/blog\/suis-je-un-troll-ou-une-sjw\/","url_meta":{"origin":3004,"position":0},"title":"Suis-je un troll ou une SJW ?","author":"axelle Bouet","date":"28 juin 2018","format":false,"excerpt":"Ouais, je me pose des questions \u00e9tranges, parfois, mais en ce moment, dans le petit microcosme du monde du JDR sur facebook, \u00e7a questionne, pol\u00e9mique, shitstorm s\u00e9v\u00e8re et, oui, je suis affubl\u00e9e de ces deux titres. Et, vous allez rire, mais j\u2019assume par pure lucidit\u00e9 \u00eatre le premier et je\u2026","rel":"","context":"Dans &quot;Humeur&quot;","block_context":{"text":"Humeur","link":"http:\/\/www.psychee.org\/blog\/category\/non-classe\/humeur\/"},"img":{"alt_text":"","src":"https:\/\/i0.wp.com\/www.psychee.org\/blog\/wp-content\/uploads\/2018\/06\/664248_backdrop_scale_1280xauto.jpg?fit=1200%2C675&resize=350%2C200","width":350,"height":200,"srcset":"https:\/\/i0.wp.com\/www.psychee.org\/blog\/wp-content\/uploads\/2018\/06\/664248_backdrop_scale_1280xauto.jpg?fit=1200%2C675&resize=350%2C200 1x, https:\/\/i0.wp.com\/www.psychee.org\/blog\/wp-content\/uploads\/2018\/06\/664248_backdrop_scale_1280xauto.jpg?fit=1200%2C675&resize=525%2C300 1.5x, https:\/\/i0.wp.com\/www.psychee.org\/blog\/wp-content\/uploads\/2018\/06\/664248_backdrop_scale_1280xauto.jpg?fit=1200%2C675&resize=700%2C400 2x, https:\/\/i0.wp.com\/www.psychee.org\/blog\/wp-content\/uploads\/2018\/06\/664248_backdrop_scale_1280xauto.jpg?fit=1200%2C675&resize=1050%2C600 3x"},"classes":[]},{"id":2538,"url":"http:\/\/www.psychee.org\/blog\/le-projet-concours-dessinez-vos-chants-de-loss\/","url_meta":{"origin":3004,"position":1},"title":"Le projet-Concours : dessinez vos Chants de Loss","author":"axelle Bouet","date":"4 mai 2015","format":false,"excerpt":"Alors en fait cela se passe sur le blog des Chants de Loss, en attendant l'arriv\u00e9e du site communautaire qui sera r\u00e9alis\u00e9 par les talents et les petits doigts magiques de Yann D\u00e9combaz, Aka BBS, aka la l\u00e9gende r\u00f4liste du Chablais et si vous n'\u00eates ps d'accord je vous tape,\u2026","rel":"","context":"Dans &quot;Links: Jeux de r\u00f4le&quot;","block_context":{"text":"Links: Jeux de r\u00f4le","link":"http:\/\/www.psychee.org\/blog\/category\/jdr\/"},"img":{"alt_text":"","src":"https:\/\/i0.wp.com\/www.psychee.org\/blog\/wp-content\/uploads\/2015\/03\/jawaad-1.jpg?fit=1200%2C852&resize=350%2C200","width":350,"height":200,"srcset":"https:\/\/i0.wp.com\/www.psychee.org\/blog\/wp-content\/uploads\/2015\/03\/jawaad-1.jpg?fit=1200%2C852&resize=350%2C200 1x, https:\/\/i0.wp.com\/www.psychee.org\/blog\/wp-content\/uploads\/2015\/03\/jawaad-1.jpg?fit=1200%2C852&resize=525%2C300 1.5x, https:\/\/i0.wp.com\/www.psychee.org\/blog\/wp-content\/uploads\/2015\/03\/jawaad-1.jpg?fit=1200%2C852&resize=700%2C400 2x, https:\/\/i0.wp.com\/www.psychee.org\/blog\/wp-content\/uploads\/2015\/03\/jawaad-1.jpg?fit=1200%2C852&resize=1050%2C600 3x"},"classes":[]},{"id":4389,"url":"http:\/\/www.psychee.org\/blog\/japan-impact-2018-et-une-mise-en-abime\/","url_meta":{"origin":3004,"position":2},"title":"Japan Impact 2018 et une mise en ab\u00eeme","author":"axelle Bouet","date":"19 f\u00e9vrier 2018","format":false,"excerpt":"Je ne vous parlerais pas en d\u00e9tail de la convention geek tendance japanim\u00e9 et pas que, qui a eut lieu ce WE \u00e0 Lausanne. Parce que d'une part je l'ai arpent\u00e9e un peu trop vite pour en donner un avis vraiment exhaustif et parce que d'autre part, St\u00e9phane Gallay le\u2026","rel":"","context":"Dans &quot;Arts&quot;","block_context":{"text":"Arts","link":"http:\/\/www.psychee.org\/blog\/category\/non-classe\/arts\/"},"img":{"alt_text":"","src":"https:\/\/i0.wp.com\/www.psychee.org\/blog\/wp-content\/uploads\/2018\/02\/28071237_10155461609403865_1185096406101410281_o.jpg?fit=1200%2C800&resize=350%2C200","width":350,"height":200,"srcset":"https:\/\/i0.wp.com\/www.psychee.org\/blog\/wp-content\/uploads\/2018\/02\/28071237_10155461609403865_1185096406101410281_o.jpg?fit=1200%2C800&resize=350%2C200 1x, https:\/\/i0.wp.com\/www.psychee.org\/blog\/wp-content\/uploads\/2018\/02\/28071237_10155461609403865_1185096406101410281_o.jpg?fit=1200%2C800&resize=525%2C300 1.5x, https:\/\/i0.wp.com\/www.psychee.org\/blog\/wp-content\/uploads\/2018\/02\/28071237_10155461609403865_1185096406101410281_o.jpg?fit=1200%2C800&resize=700%2C400 2x, https:\/\/i0.wp.com\/www.psychee.org\/blog\/wp-content\/uploads\/2018\/02\/28071237_10155461609403865_1185096406101410281_o.jpg?fit=1200%2C800&resize=1050%2C600 3x"},"classes":[]},{"id":2631,"url":"http:\/\/www.psychee.org\/blog\/retour-de-polygame-la-fete-du-jeu-a-martigny\/","url_meta":{"origin":3004,"position":3},"title":"Retour de Polygame, la F\u00eate du Jeu \u00e0 Martigny.","author":"axelle Bouet","date":"15 juin 2015","format":false,"excerpt":"(photos emprunt\u00e9s \u00e0 St\u00e9phane gallay, vous pouvez les retrouver ici, sous licence Creative Commons) Hier soir donc, fin de deux jours de convention \u00e0 Martigny, au cours de la F\u00eate du Jeux-Polygames, avec Alias, sur un stand commun, d'un cot\u00e9 lui Tigres Volants, et de l'autre moi et les Chants\u2026","rel":"","context":"Dans &quot;Jeux de r\u00f4le&quot;","block_context":{"text":"Jeux de r\u00f4le","link":"http:\/\/www.psychee.org\/blog\/category\/non-classe\/jeux-de-role\/"},"img":{"alt_text":"","src":"https:\/\/i0.wp.com\/www.psychee.org\/blog\/wp-content\/uploads\/2015\/06\/poly-bandeau.jpg?fit=1100%2C585&resize=350%2C200","width":350,"height":200,"srcset":"https:\/\/i0.wp.com\/www.psychee.org\/blog\/wp-content\/uploads\/2015\/06\/poly-bandeau.jpg?fit=1100%2C585&resize=350%2C200 1x, https:\/\/i0.wp.com\/www.psychee.org\/blog\/wp-content\/uploads\/2015\/06\/poly-bandeau.jpg?fit=1100%2C585&resize=525%2C300 1.5x, https:\/\/i0.wp.com\/www.psychee.org\/blog\/wp-content\/uploads\/2015\/06\/poly-bandeau.jpg?fit=1100%2C585&resize=700%2C400 2x, https:\/\/i0.wp.com\/www.psychee.org\/blog\/wp-content\/uploads\/2015\/06\/poly-bandeau.jpg?fit=1100%2C585&resize=1050%2C600 3x"},"classes":[]},{"id":4228,"url":"http:\/\/www.psychee.org\/blog\/je-ne-parlerais-pas-de-valerian\/","url_meta":{"origin":3004,"position":4},"title":"Je ne parlerais pas de Val\u00e9rian\u2026","author":"axelle Bouet","date":"21 ao\u00fbt 2017","format":false,"excerpt":"\u2026 faut dire que c\u2019est l\u2019\u00e9v\u00e9nement oubliable de mon week-end genevois et que, quitte \u00e0 faire une critique d\u2019un truc digne d\u2019int\u00e9r\u00eat, je vais en faire plut\u00f4t de la bande dessin\u00e9e Zorglub, la Fille du Z. Mais commen\u00e7ons par remercier Isabelle et St\u00e9phane, mais aussi Sherrie, pour le week-end en\u2026","rel":"","context":"Dans &quot;Arts&quot;","block_context":{"text":"Arts","link":"http:\/\/www.psychee.org\/blog\/category\/non-classe\/arts\/"},"img":{"alt_text":"","src":"https:\/\/i0.wp.com\/www.psychee.org\/blog\/wp-content\/uploads\/2017\/08\/2191_rot_preview.jpg?fit=982%2C490&resize=350%2C200","width":350,"height":200,"srcset":"https:\/\/i0.wp.com\/www.psychee.org\/blog\/wp-content\/uploads\/2017\/08\/2191_rot_preview.jpg?fit=982%2C490&resize=350%2C200 1x, https:\/\/i0.wp.com\/www.psychee.org\/blog\/wp-content\/uploads\/2017\/08\/2191_rot_preview.jpg?fit=982%2C490&resize=525%2C300 1.5x, https:\/\/i0.wp.com\/www.psychee.org\/blog\/wp-content\/uploads\/2017\/08\/2191_rot_preview.jpg?fit=982%2C490&resize=700%2C400 2x"},"classes":[]},{"id":5903,"url":"http:\/\/www.psychee.org\/blog\/expliquer-le-merveilleux-de-la-fantasy-cest-toujours-rever\/","url_meta":{"origin":3004,"position":5},"title":"Expliquer le merveilleux de la fantasy, c&rsquo;est toujours r\u00eaver","author":"axelle Bouet","date":"27 d\u00e9cembre 2019","format":false,"excerpt":"C'est Sandy Julien, une connaissance, qui, au hasard d'un post sur facebook, m'a donn\u00e9 envie de cette r\u00e9flexion, au sujet des gens qui ont besoin de toujours ramener \u00e0 l'explication concr\u00e8te et mat\u00e9rielle une \u0153uvre de fiction, de fantasy, et ses incoh\u00e9rentes par rapport \u00e0 la logique la plus pragmatique.\u2026","rel":"","context":"Dans &quot;Arts&quot;","block_context":{"text":"Arts","link":"http:\/\/www.psychee.org\/blog\/category\/non-classe\/arts\/"},"img":{"alt_text":"","src":"https:\/\/i0.wp.com\/www.psychee.org\/blog\/wp-content\/uploads\/2019\/12\/Vente-livres-2015-2.jpg?fit=1200%2C581&resize=350%2C200","width":350,"height":200,"srcset":"https:\/\/i0.wp.com\/www.psychee.org\/blog\/wp-content\/uploads\/2019\/12\/Vente-livres-2015-2.jpg?fit=1200%2C581&resize=350%2C200 1x, https:\/\/i0.wp.com\/www.psychee.org\/blog\/wp-content\/uploads\/2019\/12\/Vente-livres-2015-2.jpg?fit=1200%2C581&resize=525%2C300 1.5x, https:\/\/i0.wp.com\/www.psychee.org\/blog\/wp-content\/uploads\/2019\/12\/Vente-livres-2015-2.jpg?fit=1200%2C581&resize=700%2C400 2x, https:\/\/i0.wp.com\/www.psychee.org\/blog\/wp-content\/uploads\/2019\/12\/Vente-livres-2015-2.jpg?fit=1200%2C581&resize=1050%2C600 3x"},"classes":[]}],"jetpack_likes_enabled":true,"_links":{"self":[{"href":"http:\/\/www.psychee.org\/blog\/wp-json\/wp\/v2\/posts\/3004","targetHints":{"allow":["GET"]}}],"collection":[{"href":"http:\/\/www.psychee.org\/blog\/wp-json\/wp\/v2\/posts"}],"about":[{"href":"http:\/\/www.psychee.org\/blog\/wp-json\/wp\/v2\/types\/post"}],"author":[{"embeddable":true,"href":"http:\/\/www.psychee.org\/blog\/wp-json\/wp\/v2\/users\/52"}],"replies":[{"embeddable":true,"href":"http:\/\/www.psychee.org\/blog\/wp-json\/wp\/v2\/comments?post=3004"}],"version-history":[{"count":5,"href":"http:\/\/www.psychee.org\/blog\/wp-json\/wp\/v2\/posts\/3004\/revisions"}],"predecessor-version":[{"id":3163,"href":"http:\/\/www.psychee.org\/blog\/wp-json\/wp\/v2\/posts\/3004\/revisions\/3163"}],"wp:featuredmedia":[{"embeddable":true,"href":"http:\/\/www.psychee.org\/blog\/wp-json\/wp\/v2\/media\/3006"}],"wp:attachment":[{"href":"http:\/\/www.psychee.org\/blog\/wp-json\/wp\/v2\/media?parent=3004"}],"wp:term":[{"taxonomy":"category","embeddable":true,"href":"http:\/\/www.psychee.org\/blog\/wp-json\/wp\/v2\/categories?post=3004"},{"taxonomy":"post_tag","embeddable":true,"href":"http:\/\/www.psychee.org\/blog\/wp-json\/wp\/v2\/tags?post=3004"}],"curies":[{"name":"wp","href":"https:\/\/api.w.org\/{rel}","templated":true}]}}