{"id":4127,"date":"2017-06-01T10:19:28","date_gmt":"2017-06-01T08:19:28","guid":{"rendered":"http:\/\/www.psychee.org\/blog\/?p=4127"},"modified":"2017-06-01T10:19:28","modified_gmt":"2017-06-01T08:19:28","slug":"alternative-reality-a-fait-peau-neuve","status":"publish","type":"post","link":"http:\/\/www.psychee.org\/blog\/alternative-reality-a-fait-peau-neuve\/","title":{"rendered":"Alternative Reality a fait peau neuve"},"content":{"rendered":"<p>Vous l&rsquo;aurez not\u00e9 depuis avant-hier pour les plus curieux, mais j&rsquo;ai chang\u00e9 de th\u00e8me wordpress pour mon blog \u00ab\u00a0un dessin par jour\u00a0\u00bb qui a d&rsquo;ailleurs repris son nom d&rsquo;origine : Alternative Reality. J&rsquo;y ai rajout\u00e9 un 4.1 histoire d&rsquo;\u00eatre \u00e0 jour sur mes versions, vu que cela fait pas loin de 20 ans que j&rsquo;ai un site perso et qu&rsquo;il a connu quelques versions.<\/p>\n<p>Dans la mesure o\u00f9 mon activit\u00e9 d&rsquo;illustratrice et romanci\u00e8re deviennent de plus en plus professionnelles, et que mon site jusque-l\u00e0 passait tr\u00e8s mal sur les appareils nomades, il \u00e9tait grand temps de rem\u00e9dier \u00e0 la chose. J&rsquo;aurais bien essay\u00e9 de trouver un th\u00e8me plus sp\u00e9cifiquement adapt\u00e9 \u00e0 la pr\u00e9sentation d&rsquo;art et aux portfolios, mais soit les existants sont laids \u00e0 mourir, soit ils co\u00fbtent cher.&nbsp; Alors, je me suis rabattue sur un th\u00e8me que je sais g\u00e9rer et adapter \u00e0 peu pr\u00e8s, qui soit responsive et qui ai une allure aussi bien professionnelle qu&rsquo;un design agr\u00e9able. De ce cot\u00e9, ColorMag par <a title=\"ThemeGrill.\" href=\"https:\/\/themegrill.com\/themes\/colormag\" target=\"_blank\" rel=\"designer noopener noreferrer\">ThemeGrill<\/a> fait le boulot.<\/p>\n<p>Il y a aussi d\u00e9sormais un VRAI menu de navigation en haut du site, avec entre autres une page de contact. Il me manque encore \u00e0 traduire <a href=\"http:\/\/www.psychee.org\/blog\/a-propos\/tarifs-et-commandes\/\" target=\"_blank\" rel=\"noopener noreferrer\">ma page de tarifs et commandes <\/a>en anglais, ainsi que ma biographie -mais sur ce dernier point, je ne suis pas s\u00fbr que ce soit bien utile. Et le menu pr\u00e9sente de mani\u00e8re plus efficace et visuelle mes diff\u00e9rentes activit\u00e9s et productions. On peut encore am\u00e9liorer et enrichir les choses et c&rsquo;est bien le but vis\u00e9 dans les prochains jours.<\/p>\n<p>Et puis, apparemment, cela vous a fait d\u00e9couvrir par exemple<a href=\"http:\/\/www.psychee.org\/blog\/heritages-projet-de-roman-illustre\/\" target=\"_blank\" rel=\"noopener noreferrer\"> le projet H\u00e9ritages<\/a> (au vu du nombre de visites, vous avez \u00e9t\u00e9 curieux). Mais vous y d\u00e9couvrirez aussi d&rsquo;autres projets en attente, comme le manga Erdorin, en suspens depuis des ann\u00e9es (<a href=\"https:\/\/alias.erdorin.org\/\" target=\"_blank\" rel=\"noopener noreferrer\">St\u00e9phane Gallay <\/a>dirait des d\u00e9cennies). Et puis, je verrai \u00e0 faire un menu plus ais\u00e9 pour mes conseils aux artistes, mes coups de gueule f\u00e9ministes, LGBT ou encore militante des droits des artistes.<\/p>\n<p>Voil\u00e0, tout beau, tout nouveau, bien plus pratique, bref&#8230; je crois que j&rsquo;ai bien fais.<\/p>\n<p>Et vous, vous en pensez quoi ?<\/p>\n<p>&nbsp;<\/p>\n","protected":false},"excerpt":{"rendered":"<p>Vous l&rsquo;aurez not\u00e9 depuis avant-hier pour les plus curieux, mais j&rsquo;ai chang\u00e9 de th\u00e8me wordpress pour mon blog \u00ab\u00a0un dessin<\/p>\n","protected":false},"author":52,"featured_media":3964,"comment_status":"open","ping_status":"open","sticky":false,"template":"","format":"standard","meta":{"colormag_page_container_layout":"default_layout","colormag_page_sidebar_layout":"default_layout","_jetpack_newsletter_access":"","_jetpack_dont_email_post_to_subs":false,"_jetpack_newsletter_tier_id":0,"_jetpack_memberships_contains_paywalled_content":false,"_jetpack_feature_clip_id":0,"_jetpack_memberships_contains_paid_content":false,"footnotes":"","jetpack_publicize_message":"","jetpack_publicize_feature_enabled":true,"jetpack_social_post_already_shared":true,"jetpack_social_options":{"image_generator_settings":{"template":"highway","default_image_id":0,"font":"","enabled":false},"version":2},"jetpack_post_was_ever_published":false},"categories":[40,11],"tags":[133,174,242,407,27,119,18,552],"class_list":["post-4127","post","type-post","status-publish","format-standard","has-post-thumbnail","hentry","category-humeur","category-blog","tag-axelle","tag-blog-2","tag-bouet","tag-humeur","tag-job","tag-psychee","tag-travail","tag-wordpress"],"jetpack_publicize_connections":[],"jetpack_sharing_enabled":true,"jetpack_shortlink":"https:\/\/wp.me\/p2iISD-14z","jetpack-related-posts":[{"id":4490,"url":"http:\/\/www.psychee.org\/blog\/jai-aussi-un-coeur\/","url_meta":{"origin":4127,"position":0},"title":"J&rsquo;ai aussi un c\u0153ur&#8230;","author":"axelle Bouet","date":"28 ao\u00fbt 2018","format":false,"excerpt":"... et il a d\u00e9cid\u00e9 de me faire bien chier. Tout cela pour dire que depuis le d\u00e9but des canicules cet \u00e9t\u00e9, j'ai de gros soucis d'hypertension. Le traitement ad hoc a r\u00e9ussi, mais soit il a quelques effets secondaires impr\u00e9vu, soit c'est plus grave qu'escompt\u00e9, parce que je peux\u2026","rel":"","context":"Dans &quot;Humeur&quot;","block_context":{"text":"Humeur","link":"http:\/\/www.psychee.org\/blog\/category\/non-classe\/humeur\/"},"img":{"alt_text":"","src":"https:\/\/i0.wp.com\/www.psychee.org\/blog\/wp-content\/uploads\/2018\/08\/titre.jpg?fit=1100%2C736&resize=350%2C200","width":350,"height":200,"srcset":"https:\/\/i0.wp.com\/www.psychee.org\/blog\/wp-content\/uploads\/2018\/08\/titre.jpg?fit=1100%2C736&resize=350%2C200 1x, https:\/\/i0.wp.com\/www.psychee.org\/blog\/wp-content\/uploads\/2018\/08\/titre.jpg?fit=1100%2C736&resize=525%2C300 1.5x, https:\/\/i0.wp.com\/www.psychee.org\/blog\/wp-content\/uploads\/2018\/08\/titre.jpg?fit=1100%2C736&resize=700%2C400 2x, https:\/\/i0.wp.com\/www.psychee.org\/blog\/wp-content\/uploads\/2018\/08\/titre.jpg?fit=1100%2C736&resize=1050%2C600 3x"},"classes":[]},{"id":6799,"url":"http:\/\/www.psychee.org\/blog\/les-ia-generatives-nous-volent-volons-les\/","url_meta":{"origin":4127,"position":1},"title":"Les IA g\u00e9n\u00e9ratives nous volent ? Volons-les.","author":"axelle Bouet","date":"27 octobre 2024","format":false,"excerpt":"Il y a un an, je commen\u00e7ais une violente d\u00e9pression, en grande partie due \u00e0 l'apparition des IA g\u00e9n\u00e9ratives, qui, en un \u00e9t\u00e9, ont r\u00e9duit mes revenus de 70%. J'ai mis un an \u00e0 me remettre, sans quasi plus dessiner pour moi-m\u00eame. Je ne vais pas vous faire un dessin\u2026","rel":"","context":"Dans &quot;Humeur&quot;","block_context":{"text":"Humeur","link":"http:\/\/www.psychee.org\/blog\/category\/non-classe\/humeur\/"},"img":{"alt_text":"","src":"https:\/\/i0.wp.com\/www.psychee.org\/blog\/wp-content\/uploads\/2024\/10\/blog-10-2024.png?fit=1200%2C750&resize=350%2C200","width":350,"height":200,"srcset":"https:\/\/i0.wp.com\/www.psychee.org\/blog\/wp-content\/uploads\/2024\/10\/blog-10-2024.png?fit=1200%2C750&resize=350%2C200 1x, https:\/\/i0.wp.com\/www.psychee.org\/blog\/wp-content\/uploads\/2024\/10\/blog-10-2024.png?fit=1200%2C750&resize=525%2C300 1.5x, https:\/\/i0.wp.com\/www.psychee.org\/blog\/wp-content\/uploads\/2024\/10\/blog-10-2024.png?fit=1200%2C750&resize=700%2C400 2x, https:\/\/i0.wp.com\/www.psychee.org\/blog\/wp-content\/uploads\/2024\/10\/blog-10-2024.png?fit=1200%2C750&resize=1050%2C600 3x"},"classes":[]},{"id":365,"url":"http:\/\/www.psychee.org\/blog\/365\/","url_meta":{"origin":4127,"position":2},"title":"Deux ans&#8230;","author":"Psychee","date":"18 mars 2012","format":false,"excerpt":"\u00a0 Deux ans. je ne vais pas m'\u00e9tendre sur la d\u00e9pression monstre que j'ai v\u00e9cu, et ses effets. C'est pass\u00e9.... ou disons presque. Je ne vais pas non plus m'y apitoyer, et si vous voulez me jeter des tomates pour deux ann\u00e9es de silence et de rienfoutage, soit, mais m\u00fbres,\u2026","rel":"","context":"Dans &quot;Humeur&quot;","block_context":{"text":"Humeur","link":"http:\/\/www.psychee.org\/blog\/category\/non-classe\/humeur\/"},"img":{"alt_text":"Syl","src":"https:\/\/i0.wp.com\/www.psychee.org\/blog\/wp-content\/uploads\/2012\/03\/syl8.jpg?fit=1067%2C800&resize=350%2C200","width":350,"height":200,"srcset":"https:\/\/i0.wp.com\/www.psychee.org\/blog\/wp-content\/uploads\/2012\/03\/syl8.jpg?fit=1067%2C800&resize=350%2C200 1x, https:\/\/i0.wp.com\/www.psychee.org\/blog\/wp-content\/uploads\/2012\/03\/syl8.jpg?fit=1067%2C800&resize=525%2C300 1.5x, https:\/\/i0.wp.com\/www.psychee.org\/blog\/wp-content\/uploads\/2012\/03\/syl8.jpg?fit=1067%2C800&resize=700%2C400 2x, https:\/\/i0.wp.com\/www.psychee.org\/blog\/wp-content\/uploads\/2012\/03\/syl8.jpg?fit=1067%2C800&resize=1050%2C600 3x"},"classes":[]},{"id":6654,"url":"http:\/\/www.psychee.org\/blog\/je-deteste-mon-pouce\/","url_meta":{"origin":4127,"position":3},"title":"Je d\u00e9teste mon pouce","author":"axelle Bouet","date":"30 mai 2023","format":false,"excerpt":"Ok, en fait, je devrais dire que je d\u00e9teste le canal carpien. Vu que c\u2019est cela qui est d\u00e9sormais abim\u00e9 chez moi... on surnomme souvent \u00e7a la tendinite du dessinateur, mais c\u2019est un peu plus compliqu\u00e9. Bref, si vous voulez en savoir plus, allez voir ici, c\u2019est le MSD en\u2026","rel":"","context":"Dans &quot;Divers&quot;","block_context":{"text":"Divers","link":"http:\/\/www.psychee.org\/blog\/category\/autres-creations\/"},"img":{"alt_text":"","src":"https:\/\/i0.wp.com\/www.psychee.org\/blog\/wp-content\/uploads\/2023\/05\/blog-k.png?fit=1200%2C750&resize=350%2C200","width":350,"height":200,"srcset":"https:\/\/i0.wp.com\/www.psychee.org\/blog\/wp-content\/uploads\/2023\/05\/blog-k.png?fit=1200%2C750&resize=350%2C200 1x, https:\/\/i0.wp.com\/www.psychee.org\/blog\/wp-content\/uploads\/2023\/05\/blog-k.png?fit=1200%2C750&resize=525%2C300 1.5x, https:\/\/i0.wp.com\/www.psychee.org\/blog\/wp-content\/uploads\/2023\/05\/blog-k.png?fit=1200%2C750&resize=700%2C400 2x, https:\/\/i0.wp.com\/www.psychee.org\/blog\/wp-content\/uploads\/2023\/05\/blog-k.png?fit=1200%2C750&resize=1050%2C600 3x"},"classes":[]},{"id":6999,"url":"http:\/\/www.psychee.org\/blog\/jai-mes-lunettes-et-des-dessins-du-jour\/","url_meta":{"origin":4127,"position":4},"title":"J&rsquo;ai mes lunettes !!! et des dessins du jour&#8230;","author":"axelle Bouet","date":"20 ao\u00fbt 2026","format":false,"excerpt":"Pur\u00e9e,\u00a0 je ne l'ai m\u00eame pas annonc\u00e9 ici ! Bon, c'\u00e9tait Mardi... oui, il a fallu du temps pour aller les chercher, entre le retard de livraison et les al\u00e9as familiaux, mais je les ai enfin, et, oui \u00e7a me change la vie! je dirais que cela me sauve la\u2026","rel":"","context":"Dans &quot;Humeur&quot;","block_context":{"text":"Humeur","link":"http:\/\/www.psychee.org\/blog\/category\/non-classe\/humeur\/"},"img":{"alt_text":"","src":"https:\/\/i0.wp.com\/www.psychee.org\/blog\/wp-content\/uploads\/2026\/08\/20260818_113252-scaled.jpg?fit=1200%2C900&resize=350%2C200","width":350,"height":200,"srcset":"https:\/\/i0.wp.com\/www.psychee.org\/blog\/wp-content\/uploads\/2026\/08\/20260818_113252-scaled.jpg?fit=1200%2C900&resize=350%2C200 1x, https:\/\/i0.wp.com\/www.psychee.org\/blog\/wp-content\/uploads\/2026\/08\/20260818_113252-scaled.jpg?fit=1200%2C900&resize=525%2C300 1.5x, https:\/\/i0.wp.com\/www.psychee.org\/blog\/wp-content\/uploads\/2026\/08\/20260818_113252-scaled.jpg?fit=1200%2C900&resize=700%2C400 2x, https:\/\/i0.wp.com\/www.psychee.org\/blog\/wp-content\/uploads\/2026\/08\/20260818_113252-scaled.jpg?fit=1200%2C900&resize=1050%2C600 3x"},"classes":[]},{"id":6650,"url":"http:\/\/www.psychee.org\/blog\/un-jalon-de-passe\/","url_meta":{"origin":4127,"position":5},"title":"Un jalon de pass\u00e9","author":"axelle Bouet","date":"23 mai 2023","format":false,"excerpt":"Sans \u00eatre une premi\u00e8re jamais faite, je fais tr\u00e8s peu de sc\u00e8nes en d\u00e9cor et perspective. Pourquoi ? Parce que perspectives ! C'est long \u00e0 r\u00e9aliser, facile \u00e0 \u00e9chouer, compliqu\u00e9 \u00e0 maitriser et la plupart du temps, les gens n'ont aucune id\u00e9e du travail que \u00e7a repr\u00e9sente, donc, ce n'est\u2026","rel":"","context":"Dans &quot;Illos noir &amp; blanc&quot;","block_context":{"text":"Illos noir &amp; blanc","link":"http:\/\/www.psychee.org\/blog\/category\/illustrations\/noir\/"},"img":{"alt_text":"","src":"https:\/\/i0.wp.com\/www.psychee.org\/blog\/wp-content\/uploads\/2023\/05\/blog.png?fit=1200%2C750&resize=350%2C200","width":350,"height":200,"srcset":"https:\/\/i0.wp.com\/www.psychee.org\/blog\/wp-content\/uploads\/2023\/05\/blog.png?fit=1200%2C750&resize=350%2C200 1x, https:\/\/i0.wp.com\/www.psychee.org\/blog\/wp-content\/uploads\/2023\/05\/blog.png?fit=1200%2C750&resize=525%2C300 1.5x, https:\/\/i0.wp.com\/www.psychee.org\/blog\/wp-content\/uploads\/2023\/05\/blog.png?fit=1200%2C750&resize=700%2C400 2x, https:\/\/i0.wp.com\/www.psychee.org\/blog\/wp-content\/uploads\/2023\/05\/blog.png?fit=1200%2C750&resize=1050%2C600 3x"},"classes":[]}],"jetpack_likes_enabled":true,"jetpack_featured_media_url":"https:\/\/i0.wp.com\/www.psychee.org\/blog\/wp-content\/uploads\/2017\/04\/show2.jpg?fit=1280%2C683","_links":{"self":[{"href":"http:\/\/www.psychee.org\/blog\/wp-json\/wp\/v2\/posts\/4127","targetHints":{"allow":["GET"]}}],"collection":[{"href":"http:\/\/www.psychee.org\/blog\/wp-json\/wp\/v2\/posts"}],"about":[{"href":"http:\/\/www.psychee.org\/blog\/wp-json\/wp\/v2\/types\/post"}],"author":[{"embeddable":true,"href":"http:\/\/www.psychee.org\/blog\/wp-json\/wp\/v2\/users\/52"}],"replies":[{"embeddable":true,"href":"http:\/\/www.psychee.org\/blog\/wp-json\/wp\/v2\/comments?post=4127"}],"version-history":[{"count":1,"href":"http:\/\/www.psychee.org\/blog\/wp-json\/wp\/v2\/posts\/4127\/revisions"}],"predecessor-version":[{"id":4128,"href":"http:\/\/www.psychee.org\/blog\/wp-json\/wp\/v2\/posts\/4127\/revisions\/4128"}],"wp:featuredmedia":[{"embeddable":true,"href":"http:\/\/www.psychee.org\/blog\/wp-json\/wp\/v2\/media\/3964"}],"wp:attachment":[{"href":"http:\/\/www.psychee.org\/blog\/wp-json\/wp\/v2\/media?parent=4127"}],"wp:term":[{"taxonomy":"category","embeddable":true,"href":"http:\/\/www.psychee.org\/blog\/wp-json\/wp\/v2\/categories?post=4127"},{"taxonomy":"post_tag","embeddable":true,"href":"http:\/\/www.psychee.org\/blog\/wp-json\/wp\/v2\/tags?post=4127"}],"curies":[{"name":"wp","href":"https:\/\/api.w.org\/{rel}","templated":true}]}}