{"id":4194,"date":"2017-07-14T16:22:31","date_gmt":"2017-07-14T14:22:31","guid":{"rendered":"http:\/\/www.psychee.org\/blog\/?p=4194"},"modified":"2017-07-14T16:22:31","modified_gmt":"2017-07-14T14:22:31","slug":"parce-que-ca-me-rends-fiere","status":"publish","type":"post","link":"http:\/\/www.psychee.org\/blog\/parce-que-ca-me-rends-fiere\/","title":{"rendered":"Parce que ca me rends fi\u00e8re"},"content":{"rendered":"<p><a href=\"http:\/\/www.loss-jdr.psychee.org\/2017\/07\/14\/parce-que-je-suis-quand-meme-fiere\/\"><img decoding=\"async\" src=\"https:\/\/i2.wp.com\/www.loss-jdr.psychee.org\/wp-content\/uploads\/2017\/07\/poster-loss-1680.jpg?quality=80\" \/><\/a><\/p>\n<blockquote><p>En attendant le prochain article, sans doutes demain, du mini-suppl\u00e9ment Voyages, j\u2019avais tr\u00e8s envie de vous partager une petite nouvelle dont je suis fort fi\u00e8re : il y a trois semaine, la plateforme francophone de Wattpad a mis en avant \u00ab Les Chants de Loss : Armanth \u00bb dans la cat\u00e9gorie fantasy. Un agr\u00e9able honneur apr\u00e8s\u00a0lequel\u2026<\/p><\/blockquote>\n<p>via <a href=\"http:\/\/www.loss-jdr.psychee.org\/2017\/07\/14\/parce-que-je-suis-quand-meme-fiere\/\">Parce que je suis quand m\u00eame fi\u00e8re\u2026 \u2014 Les Chants de Loss, le Jeu de R\u00f4le<\/a><\/p>\n","protected":false},"excerpt":{"rendered":"<p>En attendant le prochain article, sans doutes demain, du mini-suppl\u00e9ment Voyages, j\u2019avais tr\u00e8s envie de vous partager une petite nouvelle<\/p>\n","protected":false},"author":52,"featured_media":4173,"comment_status":"open","ping_status":"open","sticky":false,"template":"","format":"standard","meta":{"colormag_page_container_layout":"default_layout","colormag_page_sidebar_layout":"default_layout","jetpack_post_was_ever_published":false,"_jetpack_newsletter_access":"","_jetpack_dont_email_post_to_subs":false,"_jetpack_newsletter_tier_id":0,"_jetpack_memberships_contains_paywalled_content":false,"_jetpack_memberships_contains_paid_content":false,"footnotes":"","jetpack_publicize_message":"","jetpack_publicize_feature_enabled":true,"jetpack_social_post_already_shared":true,"jetpack_social_options":{"image_generator_settings":{"template":"highway","default_image_id":0,"font":"","enabled":false},"version":2}},"categories":[149],"tags":[176,410,119,150],"class_list":["post-4194","post","type-post","status-publish","format-standard","has-post-thumbnail","hentry","category-loss","tag-chants-de-loss","tag-loss","tag-psychee","tag-roman"],"jetpack_publicize_connections":[],"jetpack_featured_media_url":"https:\/\/i0.wp.com\/www.psychee.org\/blog\/wp-content\/uploads\/2017\/06\/poster-loss-bandeau2.jpg?fit=1100%2C547","jetpack_sharing_enabled":true,"jetpack_shortlink":"https:\/\/wp.me\/p2iISD-15E","jetpack-related-posts":[{"id":3607,"url":"http:\/\/www.psychee.org\/blog\/automne\/","url_meta":{"origin":4194,"position":0},"title":"Automne","author":"axelle Bouet","date":"17 septembre 2016","format":false,"excerpt":"Titre simple, juste pour f\u00eater le retour de ma sant\u00e9, en tout cas cela y ressemble, et l'ach\u00e8vement d'une illustration pas si ardue que cela \u00e0 faire, mais dont je suis fi\u00e8re, simplement parce que j'ai pu y travailler longtemps sans devoir faire de pauses. Oui, cela veut dire que\u2026","rel":"","context":"Dans &quot;Illustrations&quot;","block_context":{"text":"Illustrations","link":"http:\/\/www.psychee.org\/blog\/category\/illustrations\/"},"img":{"alt_text":"","src":"https:\/\/i0.wp.com\/www.psychee.org\/blog\/wp-content\/uploads\/2016\/09\/duo-loss-1100.jpg?fit=1100%2C778&resize=350%2C200","width":350,"height":200,"srcset":"https:\/\/i0.wp.com\/www.psychee.org\/blog\/wp-content\/uploads\/2016\/09\/duo-loss-1100.jpg?fit=1100%2C778&resize=350%2C200 1x, https:\/\/i0.wp.com\/www.psychee.org\/blog\/wp-content\/uploads\/2016\/09\/duo-loss-1100.jpg?fit=1100%2C778&resize=525%2C300 1.5x, https:\/\/i0.wp.com\/www.psychee.org\/blog\/wp-content\/uploads\/2016\/09\/duo-loss-1100.jpg?fit=1100%2C778&resize=700%2C400 2x, https:\/\/i0.wp.com\/www.psychee.org\/blog\/wp-content\/uploads\/2016\/09\/duo-loss-1100.jpg?fit=1100%2C778&resize=1050%2C600 3x"},"classes":[]},{"id":1863,"url":"http:\/\/www.psychee.org\/blog\/jawaad-et-lisa-des-chants-de-loss-pour-noel\/","url_meta":{"origin":4194,"position":1},"title":"Jawaad et Lisa, des Chants de Loss, pour No\u00ebl","author":"axelle Bouet","date":"20 d\u00e9cembre 2014","format":false,"excerpt":"Sp\u00e9cialement pour le blog litt\u00e9raire des Chants de Loss, mon roman, j'ai r\u00e9alis\u00e9 une illustration, dont je suis tr\u00e8s fi\u00e8re. En fait, quand je l'ai fini, je suis rest\u00e9 longuement pensive, presque les larmes aux yeux, \u00e0 r\u00e9aliser que j'avais pu la r\u00e9ussir, si ais\u00e9ment. Ho, elle est bourr\u00e9e d'erreurs,\u2026","rel":"","context":"Dans &quot;Illustrations&quot;","block_context":{"text":"Illustrations","link":"http:\/\/www.psychee.org\/blog\/category\/illustrations\/"},"img":{"alt_text":"","src":"https:\/\/i0.wp.com\/www.psychee.org\/blog\/wp-content\/uploads\/2014\/12\/loss-noel-1100.jpg?fit=1100%2C778&resize=350%2C200","width":350,"height":200,"srcset":"https:\/\/i0.wp.com\/www.psychee.org\/blog\/wp-content\/uploads\/2014\/12\/loss-noel-1100.jpg?fit=1100%2C778&resize=350%2C200 1x, https:\/\/i0.wp.com\/www.psychee.org\/blog\/wp-content\/uploads\/2014\/12\/loss-noel-1100.jpg?fit=1100%2C778&resize=525%2C300 1.5x, https:\/\/i0.wp.com\/www.psychee.org\/blog\/wp-content\/uploads\/2014\/12\/loss-noel-1100.jpg?fit=1100%2C778&resize=700%2C400 2x, https:\/\/i0.wp.com\/www.psychee.org\/blog\/wp-content\/uploads\/2014\/12\/loss-noel-1100.jpg?fit=1100%2C778&resize=1050%2C600 3x"},"classes":[]},{"id":4167,"url":"http:\/\/www.psychee.org\/blog\/les-heros-des-chants-de-loss\/","url_meta":{"origin":4194,"position":2},"title":"Les h\u00e9ros des Chants de Loss","author":"axelle Bouet","date":"14 juin 2017","format":false,"excerpt":"25 heures de travail plus tard, finalement, je serai parvenue \u00e0 r\u00e9ussir ce petit chef-d\u2019\u0153uvre, j'entends par l\u00e0 : pour mes comp\u00e9tences. Je ne savais pas ce que je faisais, partant d'une id\u00e9e gribouill\u00e9e, et travaillant finalement sur une technique qu'on appelle la peinture \u00e0 l'overlay : on travaille tout\u2026","rel":"","context":"Dans &quot;Illustrations&quot;","block_context":{"text":"Illustrations","link":"http:\/\/www.psychee.org\/blog\/category\/illustrations\/"},"img":{"alt_text":"","src":"https:\/\/i0.wp.com\/www.psychee.org\/blog\/wp-content\/uploads\/2017\/06\/poster-loss-bandeau2.jpg?fit=1100%2C547&resize=350%2C200","width":350,"height":200,"srcset":"https:\/\/i0.wp.com\/www.psychee.org\/blog\/wp-content\/uploads\/2017\/06\/poster-loss-bandeau2.jpg?fit=1100%2C547&resize=350%2C200 1x, https:\/\/i0.wp.com\/www.psychee.org\/blog\/wp-content\/uploads\/2017\/06\/poster-loss-bandeau2.jpg?fit=1100%2C547&resize=525%2C300 1.5x, https:\/\/i0.wp.com\/www.psychee.org\/blog\/wp-content\/uploads\/2017\/06\/poster-loss-bandeau2.jpg?fit=1100%2C547&resize=700%2C400 2x, https:\/\/i0.wp.com\/www.psychee.org\/blog\/wp-content\/uploads\/2017\/06\/poster-loss-bandeau2.jpg?fit=1100%2C547&resize=1050%2C600 3x"},"classes":[]},{"id":2100,"url":"http:\/\/www.psychee.org\/blog\/les-portraits-sur-commande-de-loss-tipeee\/","url_meta":{"origin":4194,"position":3},"title":"Les portraits sur commande de  Loss Tipeee","author":"axelle Bouet","date":"4 f\u00e9vrier 2015","format":false,"excerpt":"Parce que je ne peux pas me nourrir d'amour et d'eau fraiche, j'ai donc cr\u00e9e il y a quelques mois une page de soutient et contribution Tipeee Les Chants de Loss, dont je vous ai d\u00e9j\u00e0 parl\u00e9, et dont je vais vous reparler ici. Mais il y a eu quelques\u2026","rel":"","context":"Dans &quot;Illos noir &amp; blanc&quot;","block_context":{"text":"Illos noir &amp; blanc","link":"http:\/\/www.psychee.org\/blog\/category\/illustrations\/noir\/"},"img":{"alt_text":"","src":"https:\/\/i0.wp.com\/www.psychee.org\/blog\/wp-content\/uploads\/2015\/02\/laurent-1100.jpg?fit=848%2C1200&resize=350%2C200","width":350,"height":200,"srcset":"https:\/\/i0.wp.com\/www.psychee.org\/blog\/wp-content\/uploads\/2015\/02\/laurent-1100.jpg?fit=848%2C1200&resize=350%2C200 1x, https:\/\/i0.wp.com\/www.psychee.org\/blog\/wp-content\/uploads\/2015\/02\/laurent-1100.jpg?fit=848%2C1200&resize=525%2C300 1.5x, https:\/\/i0.wp.com\/www.psychee.org\/blog\/wp-content\/uploads\/2015\/02\/laurent-1100.jpg?fit=848%2C1200&resize=700%2C400 2x"},"classes":[]},{"id":1748,"url":"http:\/\/www.psychee.org\/blog\/soutenez-les-chants-de-loss-faites-une-donation\/","url_meta":{"origin":4194,"position":4},"title":"Soutenez les Chants de Loss, faites une donation !","author":"axelle Bouet","date":"28 ao\u00fbt 2014","format":false,"excerpt":"Bonjour \u00e0 tous ! Bon, si vous le savez -et si vous ne le saviez pas, c'est l'occasion de le d\u00e9couvrir- il existe une page Tipeee des Chants de Loss. Tipeee est un service de financement participatif, qui fonctionne simplement : Vous pouvez soit d\u00e9cider de payer la somme que\u2026","rel":"","context":"Dans &quot;Loss&quot;","block_context":{"text":"Loss","link":"http:\/\/www.psychee.org\/blog\/category\/loss\/"},"img":{"alt_text":"","src":"https:\/\/i0.wp.com\/www.psychee.org\/blog\/wp-content\/uploads\/2014\/08\/tipeee-loss-1200.jpg?fit=566%2C1200&resize=350%2C200","width":350,"height":200,"srcset":"https:\/\/i0.wp.com\/www.psychee.org\/blog\/wp-content\/uploads\/2014\/08\/tipeee-loss-1200.jpg?fit=566%2C1200&resize=350%2C200 1x, https:\/\/i0.wp.com\/www.psychee.org\/blog\/wp-content\/uploads\/2014\/08\/tipeee-loss-1200.jpg?fit=566%2C1200&resize=525%2C300 1.5x"},"classes":[]},{"id":2961,"url":"http:\/\/www.psychee.org\/blog\/deux-face-a-face-en-noir-et-blanc-pour-les-chants-de-loss\/","url_meta":{"origin":4194,"position":5},"title":"Deux face \u00e0 face en noir et blanc pour Les Chants de Loss.","author":"axelle Bouet","date":"23 septembre 2015","format":false,"excerpt":"J'ai donc poursuivi mes illustrations pour leJDR Les Chants de Loss pendant que j'\u00e9tais malade, et aussi des exp\u00e9riences de travail en noir et blanc, dont le r\u00e9sultat saute aux yeux sur la premi\u00e8re illustration : je me suis bien amus\u00e9 avec les brushs, et les effets de textures, comme\u2026","rel":"","context":"Dans &quot;Illos noir &amp; blanc&quot;","block_context":{"text":"Illos noir &amp; blanc","link":"http:\/\/www.psychee.org\/blog\/category\/illustrations\/noir\/"},"img":{"alt_text":"","src":"https:\/\/i0.wp.com\/www.psychee.org\/blog\/wp-content\/uploads\/2015\/09\/bandeau31.jpg?fit=1098%2C542&resize=350%2C200","width":350,"height":200,"srcset":"https:\/\/i0.wp.com\/www.psychee.org\/blog\/wp-content\/uploads\/2015\/09\/bandeau31.jpg?fit=1098%2C542&resize=350%2C200 1x, https:\/\/i0.wp.com\/www.psychee.org\/blog\/wp-content\/uploads\/2015\/09\/bandeau31.jpg?fit=1098%2C542&resize=525%2C300 1.5x, https:\/\/i0.wp.com\/www.psychee.org\/blog\/wp-content\/uploads\/2015\/09\/bandeau31.jpg?fit=1098%2C542&resize=700%2C400 2x, https:\/\/i0.wp.com\/www.psychee.org\/blog\/wp-content\/uploads\/2015\/09\/bandeau31.jpg?fit=1098%2C542&resize=1050%2C600 3x"},"classes":[]}],"jetpack_likes_enabled":true,"_links":{"self":[{"href":"http:\/\/www.psychee.org\/blog\/wp-json\/wp\/v2\/posts\/4194","targetHints":{"allow":["GET"]}}],"collection":[{"href":"http:\/\/www.psychee.org\/blog\/wp-json\/wp\/v2\/posts"}],"about":[{"href":"http:\/\/www.psychee.org\/blog\/wp-json\/wp\/v2\/types\/post"}],"author":[{"embeddable":true,"href":"http:\/\/www.psychee.org\/blog\/wp-json\/wp\/v2\/users\/52"}],"replies":[{"embeddable":true,"href":"http:\/\/www.psychee.org\/blog\/wp-json\/wp\/v2\/comments?post=4194"}],"version-history":[{"count":1,"href":"http:\/\/www.psychee.org\/blog\/wp-json\/wp\/v2\/posts\/4194\/revisions"}],"predecessor-version":[{"id":4195,"href":"http:\/\/www.psychee.org\/blog\/wp-json\/wp\/v2\/posts\/4194\/revisions\/4195"}],"wp:featuredmedia":[{"embeddable":true,"href":"http:\/\/www.psychee.org\/blog\/wp-json\/wp\/v2\/media\/4173"}],"wp:attachment":[{"href":"http:\/\/www.psychee.org\/blog\/wp-json\/wp\/v2\/media?parent=4194"}],"wp:term":[{"taxonomy":"category","embeddable":true,"href":"http:\/\/www.psychee.org\/blog\/wp-json\/wp\/v2\/categories?post=4194"},{"taxonomy":"post_tag","embeddable":true,"href":"http:\/\/www.psychee.org\/blog\/wp-json\/wp\/v2\/tags?post=4194"}],"curies":[{"name":"wp","href":"https:\/\/api.w.org\/{rel}","templated":true}]}}