{"id":6443,"date":"2022-03-25T11:15:03","date_gmt":"2022-03-25T09:15:03","guid":{"rendered":"https:\/\/www.psychee.org\/blog\/?p=6443"},"modified":"2022-03-25T11:15:03","modified_gmt":"2022-03-25T09:15:03","slug":"ca-faisait-longtemps-que-javais-pas-fait-un-sujet-a-dessins-partie-1","status":"publish","type":"post","link":"http:\/\/www.psychee.org\/blog\/ca-faisait-longtemps-que-javais-pas-fait-un-sujet-a-dessins-partie-1\/","title":{"rendered":"\u00c7a faisait longtemps que j&rsquo;avais pas fait un sujet \u00e0 dessins, partie 1"},"content":{"rendered":"<p>&#8230; et je parie que cela vous a manqu\u00e9, donc, hop. J&rsquo;en profite, entre deux dafalgans et des recherches de sources pour mon travail actuel sur le jeu de r\u00f4le <a href=\"https:\/\/ynnpryddein.com\/\" target=\"_blank\" rel=\"noopener\">Ynn Pryddein<\/a>, pour lequel je suis en train de faire la majorit\u00e9 des illustrations. D&rsquo;ailleurs, vous allez voir principalement cela, mais pas que, y&rsquo;a aussi des illustrations pour Singularit\u00e9s, le jeu de r\u00f4le de science-fiction solarpunk fantastique. Pas de trucs pour les Chants de Loss, pas le temps, mais d\u00e8s mi\/fin Avril, \u00e7a va commencer en masse, car je vais avoir du travail pour illustrer le suppl\u00e9ment \u00e0 venir.<\/p>\n<p>Donc, l\u00e0, on va commencer par le gros bout : les illustrations actuelles pour <a href=\"https:\/\/ynnpryddein.com\/\" target=\"_blank\" rel=\"noopener\">Ynn Pryddein<\/a>, depuis fin 2021 jusqu&rsquo;\u00e0 Mars 2022 :<\/p>\n<p>&nbsp;<\/p>\n<p><a href=\"https:\/\/i0.wp.com\/www.psychee.org\/blog\/wp-content\/uploads\/2022\/03\/aodh2.jpg\"><img data-recalc-dims=\"1\" loading=\"lazy\" decoding=\"async\" data-attachment-id=\"6444\" data-permalink=\"http:\/\/www.psychee.org\/blog\/ca-faisait-longtemps-que-javais-pas-fait-un-sujet-a-dessins-partie-1\/aodh2\/\" data-orig-file=\"https:\/\/i0.wp.com\/www.psychee.org\/blog\/wp-content\/uploads\/2022\/03\/aodh2.jpg?fit=1280%2C1810\" data-orig-size=\"1280,1810\" data-comments-opened=\"1\" data-image-meta=\"{&quot;aperture&quot;:&quot;0&quot;,&quot;credit&quot;:&quot;&quot;,&quot;camera&quot;:&quot;&quot;,&quot;caption&quot;:&quot;&quot;,&quot;created_timestamp&quot;:&quot;0&quot;,&quot;copyright&quot;:&quot;&quot;,&quot;focal_length&quot;:&quot;0&quot;,&quot;iso&quot;:&quot;0&quot;,&quot;shutter_speed&quot;:&quot;0&quot;,&quot;title&quot;:&quot;&quot;,&quot;orientation&quot;:&quot;0&quot;}\" data-image-title=\"aodh2\" data-image-description=\"\" data-image-caption=\"\" data-large-file=\"https:\/\/i0.wp.com\/www.psychee.org\/blog\/wp-content\/uploads\/2022\/03\/aodh2.jpg?fit=480%2C679\" class=\"alignnone size-large wp-image-6444\" src=\"https:\/\/i0.wp.com\/www.psychee.org\/blog\/wp-content\/uploads\/2022\/03\/aodh2.jpg?resize=480%2C679\" alt=\"\" width=\"480\" height=\"679\" srcset=\"https:\/\/i0.wp.com\/www.psychee.org\/blog\/wp-content\/uploads\/2022\/03\/aodh2.jpg?resize=480%2C679 480w, https:\/\/i0.wp.com\/www.psychee.org\/blog\/wp-content\/uploads\/2022\/03\/aodh2.jpg?resize=339%2C480 339w, https:\/\/i0.wp.com\/www.psychee.org\/blog\/wp-content\/uploads\/2022\/03\/aodh2.jpg?resize=205%2C290 205w, https:\/\/i0.wp.com\/www.psychee.org\/blog\/wp-content\/uploads\/2022\/03\/aodh2.jpg?resize=1086%2C1536 1086w, https:\/\/i0.wp.com\/www.psychee.org\/blog\/wp-content\/uploads\/2022\/03\/aodh2.jpg?w=1280 1280w\" sizes=\"auto, (max-width: 480px) 100vw, 480px\" \/><\/a><\/p>\n<p><a href=\"https:\/\/i0.wp.com\/www.psychee.org\/blog\/wp-content\/uploads\/2022\/03\/briannag-final.jpg\"><img data-recalc-dims=\"1\" loading=\"lazy\" decoding=\"async\" data-attachment-id=\"6445\" data-permalink=\"http:\/\/www.psychee.org\/blog\/ca-faisait-longtemps-que-javais-pas-fait-un-sujet-a-dessins-partie-1\/briannag-final-2\/\" data-orig-file=\"https:\/\/i0.wp.com\/www.psychee.org\/blog\/wp-content\/uploads\/2022\/03\/briannag-final.jpg?fit=1280%2C1810\" data-orig-size=\"1280,1810\" data-comments-opened=\"1\" data-image-meta=\"{&quot;aperture&quot;:&quot;0&quot;,&quot;credit&quot;:&quot;&quot;,&quot;camera&quot;:&quot;&quot;,&quot;caption&quot;:&quot;&quot;,&quot;created_timestamp&quot;:&quot;0&quot;,&quot;copyright&quot;:&quot;&quot;,&quot;focal_length&quot;:&quot;0&quot;,&quot;iso&quot;:&quot;0&quot;,&quot;shutter_speed&quot;:&quot;0&quot;,&quot;title&quot;:&quot;&quot;,&quot;orientation&quot;:&quot;0&quot;}\" data-image-title=\"briannag-final\" data-image-description=\"\" data-image-caption=\"\" data-large-file=\"https:\/\/i0.wp.com\/www.psychee.org\/blog\/wp-content\/uploads\/2022\/03\/briannag-final.jpg?fit=480%2C679\" class=\"alignnone size-large wp-image-6445\" src=\"https:\/\/i0.wp.com\/www.psychee.org\/blog\/wp-content\/uploads\/2022\/03\/briannag-final.jpg?resize=480%2C679\" alt=\"\" width=\"480\" height=\"679\" srcset=\"https:\/\/i0.wp.com\/www.psychee.org\/blog\/wp-content\/uploads\/2022\/03\/briannag-final.jpg?resize=480%2C679 480w, https:\/\/i0.wp.com\/www.psychee.org\/blog\/wp-content\/uploads\/2022\/03\/briannag-final.jpg?resize=339%2C480 339w, https:\/\/i0.wp.com\/www.psychee.org\/blog\/wp-content\/uploads\/2022\/03\/briannag-final.jpg?resize=205%2C290 205w, https:\/\/i0.wp.com\/www.psychee.org\/blog\/wp-content\/uploads\/2022\/03\/briannag-final.jpg?resize=1086%2C1536 1086w, https:\/\/i0.wp.com\/www.psychee.org\/blog\/wp-content\/uploads\/2022\/03\/briannag-final.jpg?w=1280 1280w\" sizes=\"auto, (max-width: 480px) 100vw, 480px\" \/><\/a><\/p>\n<p><a href=\"https:\/\/i0.wp.com\/www.psychee.org\/blog\/wp-content\/uploads\/2022\/03\/brulla-gruag1.jpg\"><img data-recalc-dims=\"1\" loading=\"lazy\" decoding=\"async\" data-attachment-id=\"6446\" data-permalink=\"http:\/\/www.psychee.org\/blog\/ca-faisait-longtemps-que-javais-pas-fait-un-sujet-a-dessins-partie-1\/brulla-gruag1\/\" data-orig-file=\"https:\/\/i0.wp.com\/www.psychee.org\/blog\/wp-content\/uploads\/2022\/03\/brulla-gruag1.jpg?fit=1280%2C1810\" data-orig-size=\"1280,1810\" data-comments-opened=\"1\" data-image-meta=\"{&quot;aperture&quot;:&quot;0&quot;,&quot;credit&quot;:&quot;&quot;,&quot;camera&quot;:&quot;&quot;,&quot;caption&quot;:&quot;&quot;,&quot;created_timestamp&quot;:&quot;0&quot;,&quot;copyright&quot;:&quot;&quot;,&quot;focal_length&quot;:&quot;0&quot;,&quot;iso&quot;:&quot;0&quot;,&quot;shutter_speed&quot;:&quot;0&quot;,&quot;title&quot;:&quot;&quot;,&quot;orientation&quot;:&quot;0&quot;}\" data-image-title=\"brulla-gruag1\" data-image-description=\"\" data-image-caption=\"\" data-large-file=\"https:\/\/i0.wp.com\/www.psychee.org\/blog\/wp-content\/uploads\/2022\/03\/brulla-gruag1.jpg?fit=480%2C679\" class=\"alignnone size-large wp-image-6446\" src=\"https:\/\/i0.wp.com\/www.psychee.org\/blog\/wp-content\/uploads\/2022\/03\/brulla-gruag1.jpg?resize=480%2C679\" alt=\"\" width=\"480\" height=\"679\" srcset=\"https:\/\/i0.wp.com\/www.psychee.org\/blog\/wp-content\/uploads\/2022\/03\/brulla-gruag1.jpg?resize=480%2C679 480w, https:\/\/i0.wp.com\/www.psychee.org\/blog\/wp-content\/uploads\/2022\/03\/brulla-gruag1.jpg?resize=339%2C480 339w, https:\/\/i0.wp.com\/www.psychee.org\/blog\/wp-content\/uploads\/2022\/03\/brulla-gruag1.jpg?resize=205%2C290 205w, https:\/\/i0.wp.com\/www.psychee.org\/blog\/wp-content\/uploads\/2022\/03\/brulla-gruag1.jpg?resize=1086%2C1536 1086w, https:\/\/i0.wp.com\/www.psychee.org\/blog\/wp-content\/uploads\/2022\/03\/brulla-gruag1.jpg?w=1280 1280w\" sizes=\"auto, (max-width: 480px) 100vw, 480px\" \/><\/a><\/p>\n<p><a href=\"https:\/\/i0.wp.com\/www.psychee.org\/blog\/wp-content\/uploads\/2022\/03\/conchar2.jpg\"><img data-recalc-dims=\"1\" loading=\"lazy\" decoding=\"async\" data-attachment-id=\"6447\" data-permalink=\"http:\/\/www.psychee.org\/blog\/ca-faisait-longtemps-que-javais-pas-fait-un-sujet-a-dessins-partie-1\/conchar2\/\" data-orig-file=\"https:\/\/i0.wp.com\/www.psychee.org\/blog\/wp-content\/uploads\/2022\/03\/conchar2.jpg?fit=1280%2C1810\" data-orig-size=\"1280,1810\" data-comments-opened=\"1\" data-image-meta=\"{&quot;aperture&quot;:&quot;0&quot;,&quot;credit&quot;:&quot;&quot;,&quot;camera&quot;:&quot;&quot;,&quot;caption&quot;:&quot;&quot;,&quot;created_timestamp&quot;:&quot;0&quot;,&quot;copyright&quot;:&quot;&quot;,&quot;focal_length&quot;:&quot;0&quot;,&quot;iso&quot;:&quot;0&quot;,&quot;shutter_speed&quot;:&quot;0&quot;,&quot;title&quot;:&quot;&quot;,&quot;orientation&quot;:&quot;0&quot;}\" data-image-title=\"conchar2\" data-image-description=\"\" data-image-caption=\"\" data-large-file=\"https:\/\/i0.wp.com\/www.psychee.org\/blog\/wp-content\/uploads\/2022\/03\/conchar2.jpg?fit=480%2C679\" class=\"alignnone size-large wp-image-6447\" src=\"https:\/\/i0.wp.com\/www.psychee.org\/blog\/wp-content\/uploads\/2022\/03\/conchar2.jpg?resize=480%2C679\" alt=\"\" width=\"480\" height=\"679\" srcset=\"https:\/\/i0.wp.com\/www.psychee.org\/blog\/wp-content\/uploads\/2022\/03\/conchar2.jpg?resize=480%2C679 480w, https:\/\/i0.wp.com\/www.psychee.org\/blog\/wp-content\/uploads\/2022\/03\/conchar2.jpg?resize=339%2C480 339w, https:\/\/i0.wp.com\/www.psychee.org\/blog\/wp-content\/uploads\/2022\/03\/conchar2.jpg?resize=205%2C290 205w, https:\/\/i0.wp.com\/www.psychee.org\/blog\/wp-content\/uploads\/2022\/03\/conchar2.jpg?resize=1086%2C1536 1086w, https:\/\/i0.wp.com\/www.psychee.org\/blog\/wp-content\/uploads\/2022\/03\/conchar2.jpg?w=1280 1280w\" sizes=\"auto, (max-width: 480px) 100vw, 480px\" \/><\/a><\/p>\n<p><a href=\"https:\/\/i0.wp.com\/www.psychee.org\/blog\/wp-content\/uploads\/2022\/03\/Cruidne3.jpg\"><img data-recalc-dims=\"1\" loading=\"lazy\" decoding=\"async\" data-attachment-id=\"6448\" data-permalink=\"http:\/\/www.psychee.org\/blog\/ca-faisait-longtemps-que-javais-pas-fait-un-sujet-a-dessins-partie-1\/cruidne3\/\" data-orig-file=\"https:\/\/i0.wp.com\/www.psychee.org\/blog\/wp-content\/uploads\/2022\/03\/Cruidne3.jpg?fit=1280%2C1810\" data-orig-size=\"1280,1810\" data-comments-opened=\"1\" data-image-meta=\"{&quot;aperture&quot;:&quot;0&quot;,&quot;credit&quot;:&quot;&quot;,&quot;camera&quot;:&quot;&quot;,&quot;caption&quot;:&quot;&quot;,&quot;created_timestamp&quot;:&quot;0&quot;,&quot;copyright&quot;:&quot;&quot;,&quot;focal_length&quot;:&quot;0&quot;,&quot;iso&quot;:&quot;0&quot;,&quot;shutter_speed&quot;:&quot;0&quot;,&quot;title&quot;:&quot;&quot;,&quot;orientation&quot;:&quot;0&quot;}\" data-image-title=\"Cruidne3\" data-image-description=\"\" data-image-caption=\"\" data-large-file=\"https:\/\/i0.wp.com\/www.psychee.org\/blog\/wp-content\/uploads\/2022\/03\/Cruidne3.jpg?fit=480%2C679\" class=\"alignnone size-large wp-image-6448\" src=\"https:\/\/i0.wp.com\/www.psychee.org\/blog\/wp-content\/uploads\/2022\/03\/Cruidne3.jpg?resize=480%2C679\" alt=\"\" width=\"480\" height=\"679\" srcset=\"https:\/\/i0.wp.com\/www.psychee.org\/blog\/wp-content\/uploads\/2022\/03\/Cruidne3.jpg?resize=480%2C679 480w, https:\/\/i0.wp.com\/www.psychee.org\/blog\/wp-content\/uploads\/2022\/03\/Cruidne3.jpg?resize=339%2C480 339w, https:\/\/i0.wp.com\/www.psychee.org\/blog\/wp-content\/uploads\/2022\/03\/Cruidne3.jpg?resize=205%2C290 205w, https:\/\/i0.wp.com\/www.psychee.org\/blog\/wp-content\/uploads\/2022\/03\/Cruidne3.jpg?resize=1086%2C1536 1086w, https:\/\/i0.wp.com\/www.psychee.org\/blog\/wp-content\/uploads\/2022\/03\/Cruidne3.jpg?w=1280 1280w\" sizes=\"auto, (max-width: 480px) 100vw, 480px\" \/><\/a><\/p>\n<p><a href=\"https:\/\/i0.wp.com\/www.psychee.org\/blog\/wp-content\/uploads\/2022\/03\/dragoon-final.jpg\"><img data-recalc-dims=\"1\" loading=\"lazy\" decoding=\"async\" data-attachment-id=\"6449\" data-permalink=\"http:\/\/www.psychee.org\/blog\/ca-faisait-longtemps-que-javais-pas-fait-un-sujet-a-dessins-partie-1\/dragoon-final\/\" data-orig-file=\"https:\/\/i0.wp.com\/www.psychee.org\/blog\/wp-content\/uploads\/2022\/03\/dragoon-final.jpg?fit=1280%2C1810\" data-orig-size=\"1280,1810\" data-comments-opened=\"1\" data-image-meta=\"{&quot;aperture&quot;:&quot;0&quot;,&quot;credit&quot;:&quot;&quot;,&quot;camera&quot;:&quot;&quot;,&quot;caption&quot;:&quot;&quot;,&quot;created_timestamp&quot;:&quot;0&quot;,&quot;copyright&quot;:&quot;&quot;,&quot;focal_length&quot;:&quot;0&quot;,&quot;iso&quot;:&quot;0&quot;,&quot;shutter_speed&quot;:&quot;0&quot;,&quot;title&quot;:&quot;&quot;,&quot;orientation&quot;:&quot;0&quot;}\" data-image-title=\"dragoon-final\" data-image-description=\"\" data-image-caption=\"\" data-large-file=\"https:\/\/i0.wp.com\/www.psychee.org\/blog\/wp-content\/uploads\/2022\/03\/dragoon-final.jpg?fit=480%2C679\" class=\"alignnone size-large wp-image-6449\" src=\"https:\/\/i0.wp.com\/www.psychee.org\/blog\/wp-content\/uploads\/2022\/03\/dragoon-final.jpg?resize=480%2C679\" alt=\"\" width=\"480\" height=\"679\" srcset=\"https:\/\/i0.wp.com\/www.psychee.org\/blog\/wp-content\/uploads\/2022\/03\/dragoon-final.jpg?resize=480%2C679 480w, https:\/\/i0.wp.com\/www.psychee.org\/blog\/wp-content\/uploads\/2022\/03\/dragoon-final.jpg?resize=339%2C480 339w, https:\/\/i0.wp.com\/www.psychee.org\/blog\/wp-content\/uploads\/2022\/03\/dragoon-final.jpg?resize=205%2C290 205w, https:\/\/i0.wp.com\/www.psychee.org\/blog\/wp-content\/uploads\/2022\/03\/dragoon-final.jpg?resize=1086%2C1536 1086w, https:\/\/i0.wp.com\/www.psychee.org\/blog\/wp-content\/uploads\/2022\/03\/dragoon-final.jpg?w=1280 1280w\" sizes=\"auto, (max-width: 480px) 100vw, 480px\" \/><\/a><\/p>\n<p><a href=\"https:\/\/i0.wp.com\/www.psychee.org\/blog\/wp-content\/uploads\/2022\/03\/firinne2.jpg\"><img data-recalc-dims=\"1\" loading=\"lazy\" decoding=\"async\" data-attachment-id=\"6450\" data-permalink=\"http:\/\/www.psychee.org\/blog\/ca-faisait-longtemps-que-javais-pas-fait-un-sujet-a-dessins-partie-1\/firinne2\/\" data-orig-file=\"https:\/\/i0.wp.com\/www.psychee.org\/blog\/wp-content\/uploads\/2022\/03\/firinne2.jpg?fit=1280%2C1810\" data-orig-size=\"1280,1810\" data-comments-opened=\"1\" data-image-meta=\"{&quot;aperture&quot;:&quot;0&quot;,&quot;credit&quot;:&quot;&quot;,&quot;camera&quot;:&quot;&quot;,&quot;caption&quot;:&quot;&quot;,&quot;created_timestamp&quot;:&quot;0&quot;,&quot;copyright&quot;:&quot;&quot;,&quot;focal_length&quot;:&quot;0&quot;,&quot;iso&quot;:&quot;0&quot;,&quot;shutter_speed&quot;:&quot;0&quot;,&quot;title&quot;:&quot;&quot;,&quot;orientation&quot;:&quot;0&quot;}\" data-image-title=\"firinne2\" data-image-description=\"\" data-image-caption=\"\" data-large-file=\"https:\/\/i0.wp.com\/www.psychee.org\/blog\/wp-content\/uploads\/2022\/03\/firinne2.jpg?fit=480%2C679\" class=\"alignnone size-large wp-image-6450\" src=\"https:\/\/i0.wp.com\/www.psychee.org\/blog\/wp-content\/uploads\/2022\/03\/firinne2.jpg?resize=480%2C679\" alt=\"\" width=\"480\" height=\"679\" srcset=\"https:\/\/i0.wp.com\/www.psychee.org\/blog\/wp-content\/uploads\/2022\/03\/firinne2.jpg?resize=480%2C679 480w, https:\/\/i0.wp.com\/www.psychee.org\/blog\/wp-content\/uploads\/2022\/03\/firinne2.jpg?resize=339%2C480 339w, https:\/\/i0.wp.com\/www.psychee.org\/blog\/wp-content\/uploads\/2022\/03\/firinne2.jpg?resize=205%2C290 205w, https:\/\/i0.wp.com\/www.psychee.org\/blog\/wp-content\/uploads\/2022\/03\/firinne2.jpg?resize=1086%2C1536 1086w, https:\/\/i0.wp.com\/www.psychee.org\/blog\/wp-content\/uploads\/2022\/03\/firinne2.jpg?w=1280 1280w\" sizes=\"auto, (max-width: 480px) 100vw, 480px\" \/><\/a><\/p>\n<p><a href=\"https:\/\/i0.wp.com\/www.psychee.org\/blog\/wp-content\/uploads\/2022\/03\/guerisseuse-final.jpg\"><img data-recalc-dims=\"1\" loading=\"lazy\" decoding=\"async\" data-attachment-id=\"6451\" data-permalink=\"http:\/\/www.psychee.org\/blog\/ca-faisait-longtemps-que-javais-pas-fait-un-sujet-a-dessins-partie-1\/guerisseuse-final\/\" data-orig-file=\"https:\/\/i0.wp.com\/www.psychee.org\/blog\/wp-content\/uploads\/2022\/03\/guerisseuse-final.jpg?fit=1280%2C1810\" data-orig-size=\"1280,1810\" data-comments-opened=\"1\" data-image-meta=\"{&quot;aperture&quot;:&quot;0&quot;,&quot;credit&quot;:&quot;&quot;,&quot;camera&quot;:&quot;&quot;,&quot;caption&quot;:&quot;&quot;,&quot;created_timestamp&quot;:&quot;0&quot;,&quot;copyright&quot;:&quot;&quot;,&quot;focal_length&quot;:&quot;0&quot;,&quot;iso&quot;:&quot;0&quot;,&quot;shutter_speed&quot;:&quot;0&quot;,&quot;title&quot;:&quot;&quot;,&quot;orientation&quot;:&quot;0&quot;}\" data-image-title=\"guerisseuse-final\" data-image-description=\"\" data-image-caption=\"\" data-large-file=\"https:\/\/i0.wp.com\/www.psychee.org\/blog\/wp-content\/uploads\/2022\/03\/guerisseuse-final.jpg?fit=480%2C679\" class=\"alignnone size-large wp-image-6451\" src=\"https:\/\/i0.wp.com\/www.psychee.org\/blog\/wp-content\/uploads\/2022\/03\/guerisseuse-final.jpg?resize=480%2C679\" alt=\"\" width=\"480\" height=\"679\" srcset=\"https:\/\/i0.wp.com\/www.psychee.org\/blog\/wp-content\/uploads\/2022\/03\/guerisseuse-final.jpg?resize=480%2C679 480w, https:\/\/i0.wp.com\/www.psychee.org\/blog\/wp-content\/uploads\/2022\/03\/guerisseuse-final.jpg?resize=339%2C480 339w, https:\/\/i0.wp.com\/www.psychee.org\/blog\/wp-content\/uploads\/2022\/03\/guerisseuse-final.jpg?resize=205%2C290 205w, https:\/\/i0.wp.com\/www.psychee.org\/blog\/wp-content\/uploads\/2022\/03\/guerisseuse-final.jpg?resize=1086%2C1536 1086w, https:\/\/i0.wp.com\/www.psychee.org\/blog\/wp-content\/uploads\/2022\/03\/guerisseuse-final.jpg?w=1280 1280w\" sizes=\"auto, (max-width: 480px) 100vw, 480px\" \/><\/a><\/p>\n<p><a href=\"https:\/\/i0.wp.com\/www.psychee.org\/blog\/wp-content\/uploads\/2022\/03\/kyriakys2.jpg\"><img data-recalc-dims=\"1\" loading=\"lazy\" decoding=\"async\" data-attachment-id=\"6452\" data-permalink=\"http:\/\/www.psychee.org\/blog\/ca-faisait-longtemps-que-javais-pas-fait-un-sujet-a-dessins-partie-1\/kyriakys2\/\" data-orig-file=\"https:\/\/i0.wp.com\/www.psychee.org\/blog\/wp-content\/uploads\/2022\/03\/kyriakys2.jpg?fit=1280%2C1810\" data-orig-size=\"1280,1810\" data-comments-opened=\"1\" data-image-meta=\"{&quot;aperture&quot;:&quot;0&quot;,&quot;credit&quot;:&quot;&quot;,&quot;camera&quot;:&quot;&quot;,&quot;caption&quot;:&quot;&quot;,&quot;created_timestamp&quot;:&quot;0&quot;,&quot;copyright&quot;:&quot;&quot;,&quot;focal_length&quot;:&quot;0&quot;,&quot;iso&quot;:&quot;0&quot;,&quot;shutter_speed&quot;:&quot;0&quot;,&quot;title&quot;:&quot;&quot;,&quot;orientation&quot;:&quot;0&quot;}\" data-image-title=\"kyriakys2\" data-image-description=\"\" data-image-caption=\"\" data-large-file=\"https:\/\/i0.wp.com\/www.psychee.org\/blog\/wp-content\/uploads\/2022\/03\/kyriakys2.jpg?fit=480%2C679\" class=\"alignnone size-large wp-image-6452\" src=\"https:\/\/i0.wp.com\/www.psychee.org\/blog\/wp-content\/uploads\/2022\/03\/kyriakys2.jpg?resize=480%2C679\" alt=\"\" width=\"480\" height=\"679\" srcset=\"https:\/\/i0.wp.com\/www.psychee.org\/blog\/wp-content\/uploads\/2022\/03\/kyriakys2.jpg?resize=480%2C679 480w, https:\/\/i0.wp.com\/www.psychee.org\/blog\/wp-content\/uploads\/2022\/03\/kyriakys2.jpg?resize=339%2C480 339w, https:\/\/i0.wp.com\/www.psychee.org\/blog\/wp-content\/uploads\/2022\/03\/kyriakys2.jpg?resize=205%2C290 205w, https:\/\/i0.wp.com\/www.psychee.org\/blog\/wp-content\/uploads\/2022\/03\/kyriakys2.jpg?resize=1086%2C1536 1086w, https:\/\/i0.wp.com\/www.psychee.org\/blog\/wp-content\/uploads\/2022\/03\/kyriakys2.jpg?w=1280 1280w\" sizes=\"auto, (max-width: 480px) 100vw, 480px\" \/><\/a><\/p>\n<p><a href=\"https:\/\/i0.wp.com\/www.psychee.org\/blog\/wp-content\/uploads\/2022\/03\/myrrdin2.jpg\"><img data-recalc-dims=\"1\" loading=\"lazy\" decoding=\"async\" data-attachment-id=\"6453\" data-permalink=\"http:\/\/www.psychee.org\/blog\/ca-faisait-longtemps-que-javais-pas-fait-un-sujet-a-dessins-partie-1\/myrrdin2\/\" data-orig-file=\"https:\/\/i0.wp.com\/www.psychee.org\/blog\/wp-content\/uploads\/2022\/03\/myrrdin2.jpg?fit=1280%2C1810\" data-orig-size=\"1280,1810\" data-comments-opened=\"1\" data-image-meta=\"{&quot;aperture&quot;:&quot;0&quot;,&quot;credit&quot;:&quot;&quot;,&quot;camera&quot;:&quot;&quot;,&quot;caption&quot;:&quot;&quot;,&quot;created_timestamp&quot;:&quot;0&quot;,&quot;copyright&quot;:&quot;&quot;,&quot;focal_length&quot;:&quot;0&quot;,&quot;iso&quot;:&quot;0&quot;,&quot;shutter_speed&quot;:&quot;0&quot;,&quot;title&quot;:&quot;&quot;,&quot;orientation&quot;:&quot;0&quot;}\" data-image-title=\"myrrdin2\" data-image-description=\"\" data-image-caption=\"\" data-large-file=\"https:\/\/i0.wp.com\/www.psychee.org\/blog\/wp-content\/uploads\/2022\/03\/myrrdin2.jpg?fit=480%2C679\" class=\"alignnone size-large wp-image-6453\" src=\"https:\/\/i0.wp.com\/www.psychee.org\/blog\/wp-content\/uploads\/2022\/03\/myrrdin2.jpg?resize=480%2C679\" alt=\"\" width=\"480\" height=\"679\" srcset=\"https:\/\/i0.wp.com\/www.psychee.org\/blog\/wp-content\/uploads\/2022\/03\/myrrdin2.jpg?resize=480%2C679 480w, https:\/\/i0.wp.com\/www.psychee.org\/blog\/wp-content\/uploads\/2022\/03\/myrrdin2.jpg?resize=339%2C480 339w, https:\/\/i0.wp.com\/www.psychee.org\/blog\/wp-content\/uploads\/2022\/03\/myrrdin2.jpg?resize=205%2C290 205w, https:\/\/i0.wp.com\/www.psychee.org\/blog\/wp-content\/uploads\/2022\/03\/myrrdin2.jpg?resize=1086%2C1536 1086w, https:\/\/i0.wp.com\/www.psychee.org\/blog\/wp-content\/uploads\/2022\/03\/myrrdin2.jpg?w=1280 1280w\" sizes=\"auto, (max-width: 480px) 100vw, 480px\" \/><\/a><\/p>\n<p><a href=\"https:\/\/i0.wp.com\/www.psychee.org\/blog\/wp-content\/uploads\/2022\/03\/niedolung1.jpg\"><img data-recalc-dims=\"1\" loading=\"lazy\" decoding=\"async\" data-attachment-id=\"6454\" data-permalink=\"http:\/\/www.psychee.org\/blog\/ca-faisait-longtemps-que-javais-pas-fait-un-sujet-a-dessins-partie-1\/niedolung1\/\" data-orig-file=\"https:\/\/i0.wp.com\/www.psychee.org\/blog\/wp-content\/uploads\/2022\/03\/niedolung1.jpg?fit=1280%2C1810\" data-orig-size=\"1280,1810\" data-comments-opened=\"1\" data-image-meta=\"{&quot;aperture&quot;:&quot;0&quot;,&quot;credit&quot;:&quot;&quot;,&quot;camera&quot;:&quot;&quot;,&quot;caption&quot;:&quot;&quot;,&quot;created_timestamp&quot;:&quot;0&quot;,&quot;copyright&quot;:&quot;&quot;,&quot;focal_length&quot;:&quot;0&quot;,&quot;iso&quot;:&quot;0&quot;,&quot;shutter_speed&quot;:&quot;0&quot;,&quot;title&quot;:&quot;&quot;,&quot;orientation&quot;:&quot;0&quot;}\" data-image-title=\"niedolung1\" data-image-description=\"\" data-image-caption=\"\" data-large-file=\"https:\/\/i0.wp.com\/www.psychee.org\/blog\/wp-content\/uploads\/2022\/03\/niedolung1.jpg?fit=480%2C679\" class=\"alignnone size-large wp-image-6454\" src=\"https:\/\/i0.wp.com\/www.psychee.org\/blog\/wp-content\/uploads\/2022\/03\/niedolung1.jpg?resize=480%2C679\" alt=\"\" width=\"480\" height=\"679\" srcset=\"https:\/\/i0.wp.com\/www.psychee.org\/blog\/wp-content\/uploads\/2022\/03\/niedolung1.jpg?resize=480%2C679 480w, https:\/\/i0.wp.com\/www.psychee.org\/blog\/wp-content\/uploads\/2022\/03\/niedolung1.jpg?resize=339%2C480 339w, https:\/\/i0.wp.com\/www.psychee.org\/blog\/wp-content\/uploads\/2022\/03\/niedolung1.jpg?resize=205%2C290 205w, https:\/\/i0.wp.com\/www.psychee.org\/blog\/wp-content\/uploads\/2022\/03\/niedolung1.jpg?resize=1086%2C1536 1086w, https:\/\/i0.wp.com\/www.psychee.org\/blog\/wp-content\/uploads\/2022\/03\/niedolung1.jpg?w=1280 1280w\" sizes=\"auto, (max-width: 480px) 100vw, 480px\" \/><\/a><\/p>\n<p><a href=\"https:\/\/i0.wp.com\/www.psychee.org\/blog\/wp-content\/uploads\/2022\/03\/Oisean2.jpg\"><img data-recalc-dims=\"1\" loading=\"lazy\" decoding=\"async\" data-attachment-id=\"6455\" data-permalink=\"http:\/\/www.psychee.org\/blog\/ca-faisait-longtemps-que-javais-pas-fait-un-sujet-a-dessins-partie-1\/oisean2\/\" data-orig-file=\"https:\/\/i0.wp.com\/www.psychee.org\/blog\/wp-content\/uploads\/2022\/03\/Oisean2.jpg?fit=1280%2C1810\" data-orig-size=\"1280,1810\" data-comments-opened=\"1\" data-image-meta=\"{&quot;aperture&quot;:&quot;0&quot;,&quot;credit&quot;:&quot;&quot;,&quot;camera&quot;:&quot;&quot;,&quot;caption&quot;:&quot;&quot;,&quot;created_timestamp&quot;:&quot;0&quot;,&quot;copyright&quot;:&quot;&quot;,&quot;focal_length&quot;:&quot;0&quot;,&quot;iso&quot;:&quot;0&quot;,&quot;shutter_speed&quot;:&quot;0&quot;,&quot;title&quot;:&quot;&quot;,&quot;orientation&quot;:&quot;0&quot;}\" data-image-title=\"Oisean2\" data-image-description=\"\" data-image-caption=\"\" data-large-file=\"https:\/\/i0.wp.com\/www.psychee.org\/blog\/wp-content\/uploads\/2022\/03\/Oisean2.jpg?fit=480%2C679\" class=\"alignnone size-large wp-image-6455\" src=\"https:\/\/i0.wp.com\/www.psychee.org\/blog\/wp-content\/uploads\/2022\/03\/Oisean2.jpg?resize=480%2C679\" alt=\"\" width=\"480\" height=\"679\" srcset=\"https:\/\/i0.wp.com\/www.psychee.org\/blog\/wp-content\/uploads\/2022\/03\/Oisean2.jpg?resize=480%2C679 480w, https:\/\/i0.wp.com\/www.psychee.org\/blog\/wp-content\/uploads\/2022\/03\/Oisean2.jpg?resize=339%2C480 339w, https:\/\/i0.wp.com\/www.psychee.org\/blog\/wp-content\/uploads\/2022\/03\/Oisean2.jpg?resize=205%2C290 205w, https:\/\/i0.wp.com\/www.psychee.org\/blog\/wp-content\/uploads\/2022\/03\/Oisean2.jpg?resize=1086%2C1536 1086w, https:\/\/i0.wp.com\/www.psychee.org\/blog\/wp-content\/uploads\/2022\/03\/Oisean2.jpg?w=1280 1280w\" sizes=\"auto, (max-width: 480px) 100vw, 480px\" \/><\/a><\/p>\n","protected":false},"excerpt":{"rendered":"<p>&#8230; et je parie que cela vous a manqu\u00e9, donc, hop. J&rsquo;en profite, entre deux dafalgans et des recherches de<\/p>\n","protected":false},"author":52,"featured_media":6456,"comment_status":"open","ping_status":"open","sticky":false,"template":"","format":"standard","meta":{"colormag_page_container_layout":"default_layout","colormag_page_sidebar_layout":"default_layout","_jetpack_newsletter_access":"","_jetpack_dont_email_post_to_subs":false,"_jetpack_newsletter_tier_id":0,"_jetpack_memberships_contains_paywalled_content":false,"_jetpack_feature_clip_id":0,"_jetpack_memberships_contains_paid_content":false,"footnotes":"","jetpack_publicize_message":"","jetpack_publicize_feature_enabled":true,"jetpack_social_post_already_shared":true,"jetpack_social_options":{"image_generator_settings":{"template":"highway","default_image_id":0,"font":"","enabled":false},"version":2},"jetpack_post_was_ever_published":false},"categories":[5,3,9,11],"tags":[133,242,54,15,119,18,391],"class_list":["post-6443","post","type-post","status-publish","format-standard","has-post-thumbnail","hentry","category-noir","category-illustrations","category-jobs","category-blog","tag-axelle","tag-bouet","tag-illustrations-noir-et-blanc","tag-jeux-de-roles","tag-psychee","tag-travail","tag-ynn-pryddein"],"jetpack_publicize_connections":[],"jetpack_sharing_enabled":true,"jetpack_shortlink":"https:\/\/wp.me\/p2iISD-1FV","jetpack-related-posts":[{"id":6203,"url":"http:\/\/www.psychee.org\/blog\/il-y-avait-longtemps\/","url_meta":{"origin":6443,"position":0},"title":"Il y avait longtemps&#8230;","author":"axelle Bouet","date":"27 avril 2021","format":false,"excerpt":"Une tendinite qui a longuement dur\u00e9, des soucis de sant\u00e9, les cons\u00e9quences morales et sociales du confinement du au COVID-19 et un peu de malchance... bref, je suis rest\u00e9 un long moment sans produire (plus de quatre mois). Je ne suis pas rest\u00e9 sans rien faire, mais ce ne fut\u2026","rel":"","context":"Dans &quot;Commissions&quot;","block_context":{"text":"Commissions","link":"http:\/\/www.psychee.org\/blog\/category\/commissions\/"},"img":{"alt_text":"","src":"https:\/\/i0.wp.com\/www.psychee.org\/blog\/wp-content\/uploads\/2021\/04\/Sans-titre-1.jpg?fit=1200%2C750&resize=350%2C200","width":350,"height":200,"srcset":"https:\/\/i0.wp.com\/www.psychee.org\/blog\/wp-content\/uploads\/2021\/04\/Sans-titre-1.jpg?fit=1200%2C750&resize=350%2C200 1x, https:\/\/i0.wp.com\/www.psychee.org\/blog\/wp-content\/uploads\/2021\/04\/Sans-titre-1.jpg?fit=1200%2C750&resize=525%2C300 1.5x, https:\/\/i0.wp.com\/www.psychee.org\/blog\/wp-content\/uploads\/2021\/04\/Sans-titre-1.jpg?fit=1200%2C750&resize=700%2C400 2x, https:\/\/i0.wp.com\/www.psychee.org\/blog\/wp-content\/uploads\/2021\/04\/Sans-titre-1.jpg?fit=1200%2C750&resize=1050%2C600 3x"},"classes":[]},{"id":6544,"url":"http:\/\/www.psychee.org\/blog\/ynn-pryddein-jdr-en-images\/","url_meta":{"origin":6443,"position":1},"title":"Ynn Pryddein JDR en images","author":"axelle Bouet","date":"26 juillet 2022","format":false,"excerpt":"Ouf, et un gros boulot de fini ! Ce qui n'est pas dommage, car ce boulot \u00e9tait devenu pour moi le symbole maudit de mon retard perp\u00e9tuel en mati\u00e8re de travail, retard cons\u00e9cutif \u00e0 l'accumulation de mes ennuis de sant\u00e9, je reviendrais l\u00e0 dessus. Mais bref, un travail achev\u00e9, et\u2026","rel":"","context":"Dans &quot;Illos noir &amp; blanc&quot;","block_context":{"text":"Illos noir &amp; blanc","link":"http:\/\/www.psychee.org\/blog\/category\/illustrations\/noir\/"},"img":{"alt_text":"","src":"https:\/\/i0.wp.com\/www.psychee.org\/blog\/wp-content\/uploads\/2022\/07\/titre.jpg?fit=1200%2C750&resize=350%2C200","width":350,"height":200,"srcset":"https:\/\/i0.wp.com\/www.psychee.org\/blog\/wp-content\/uploads\/2022\/07\/titre.jpg?fit=1200%2C750&resize=350%2C200 1x, https:\/\/i0.wp.com\/www.psychee.org\/blog\/wp-content\/uploads\/2022\/07\/titre.jpg?fit=1200%2C750&resize=525%2C300 1.5x, https:\/\/i0.wp.com\/www.psychee.org\/blog\/wp-content\/uploads\/2022\/07\/titre.jpg?fit=1200%2C750&resize=700%2C400 2x, https:\/\/i0.wp.com\/www.psychee.org\/blog\/wp-content\/uploads\/2022\/07\/titre.jpg?fit=1200%2C750&resize=1050%2C600 3x"},"classes":[]},{"id":3666,"url":"http:\/\/www.psychee.org\/blog\/ca-dessine-toujours\/","url_meta":{"origin":6443,"position":2},"title":"\u00c7a dessine toujours !","author":"axelle Bouet","date":"4 novembre 2016","format":false,"excerpt":"Apr\u00e8s avoir fini mes commandes pour les particuliers -d'ailleurs, si vous voulez un dessin de votre personnage de JDR, je peux en faire, et voici le lien vers mes tarifs- je retourne aux commandes d'illustrations de jeu de r\u00f4le, d'une part pour Ynn Pryddein, jeu de r\u00f4le celtique, d'autres part\u2026","rel":"","context":"Dans &quot;Illos noir &amp; blanc&quot;","block_context":{"text":"Illos noir &amp; blanc","link":"http:\/\/www.psychee.org\/blog\/category\/illustrations\/noir\/"},"img":{"alt_text":"","src":"https:\/\/i0.wp.com\/www.psychee.org\/blog\/wp-content\/uploads\/2016\/11\/mage-bandeau.jpg?fit=1100%2C718&resize=350%2C200","width":350,"height":200,"srcset":"https:\/\/i0.wp.com\/www.psychee.org\/blog\/wp-content\/uploads\/2016\/11\/mage-bandeau.jpg?fit=1100%2C718&resize=350%2C200 1x, https:\/\/i0.wp.com\/www.psychee.org\/blog\/wp-content\/uploads\/2016\/11\/mage-bandeau.jpg?fit=1100%2C718&resize=525%2C300 1.5x, https:\/\/i0.wp.com\/www.psychee.org\/blog\/wp-content\/uploads\/2016\/11\/mage-bandeau.jpg?fit=1100%2C718&resize=700%2C400 2x, https:\/\/i0.wp.com\/www.psychee.org\/blog\/wp-content\/uploads\/2016\/11\/mage-bandeau.jpg?fit=1100%2C718&resize=1050%2C600 3x"},"classes":[]},{"id":2827,"url":"http:\/\/www.psychee.org\/blog\/un-dessin-par-jour-si-si-mais-en-un-tas\/","url_meta":{"origin":6443,"position":3},"title":"Un dessin par jour, si si&#8230; mais en un tas !","author":"axelle Bouet","date":"17 juillet 2015","format":false,"excerpt":"Je bosse pas mal ces temps, et quand je ne bosse pas, j\u2019accueille quelques jours ma ch\u00e8re amie Emilie Latieule \u00e0 la maison. Donc, moins de temps pour le blog, je n'ai entre autres pas pu prendre le temps de faire le second cours d'initiation au dessin, ni de poursuivre\u2026","rel":"","context":"Dans &quot;Illos noir &amp; blanc&quot;","block_context":{"text":"Illos noir &amp; blanc","link":"http:\/\/www.psychee.org\/blog\/category\/illustrations\/noir\/"},"img":{"alt_text":"","src":"https:\/\/i0.wp.com\/www.psychee.org\/blog\/wp-content\/uploads\/2015\/07\/elfe-bandeau.jpg?fit=1100%2C678&resize=350%2C200","width":350,"height":200,"srcset":"https:\/\/i0.wp.com\/www.psychee.org\/blog\/wp-content\/uploads\/2015\/07\/elfe-bandeau.jpg?fit=1100%2C678&resize=350%2C200 1x, https:\/\/i0.wp.com\/www.psychee.org\/blog\/wp-content\/uploads\/2015\/07\/elfe-bandeau.jpg?fit=1100%2C678&resize=525%2C300 1.5x, https:\/\/i0.wp.com\/www.psychee.org\/blog\/wp-content\/uploads\/2015\/07\/elfe-bandeau.jpg?fit=1100%2C678&resize=700%2C400 2x, https:\/\/i0.wp.com\/www.psychee.org\/blog\/wp-content\/uploads\/2015\/07\/elfe-bandeau.jpg?fit=1100%2C678&resize=1050%2C600 3x"},"classes":[]},{"id":5918,"url":"http:\/\/www.psychee.org\/blog\/quelques-portraits-de-personnages\/","url_meta":{"origin":6443,"position":4},"title":"Quelques portraits de personnages","author":"axelle Bouet","date":"24 janvier 2020","format":false,"excerpt":"Et ils furent accueillis avec joie, ces portraits \u00e0 faire, une commande pour le jeu de r\u00f4le Ynn Pryddein. Simples, sans exigences ardues, ils m'ont permis de reprendre le crayon et d\u00e9poussi\u00e9rer un talent d'illustratrice laiss\u00e9 de cot\u00e9 durant ma grosse d\u00e9prime depuis Octobre. Je dois encore en faire quatre,\u2026","rel":"","context":"Dans &quot;Commissions&quot;","block_context":{"text":"Commissions","link":"http:\/\/www.psychee.org\/blog\/category\/commissions\/"},"img":{"alt_text":"","src":"https:\/\/i0.wp.com\/www.psychee.org\/blog\/wp-content\/uploads\/2020\/01\/portraits2.png?fit=1200%2C849&resize=350%2C200","width":350,"height":200,"srcset":"https:\/\/i0.wp.com\/www.psychee.org\/blog\/wp-content\/uploads\/2020\/01\/portraits2.png?fit=1200%2C849&resize=350%2C200 1x, https:\/\/i0.wp.com\/www.psychee.org\/blog\/wp-content\/uploads\/2020\/01\/portraits2.png?fit=1200%2C849&resize=525%2C300 1.5x, https:\/\/i0.wp.com\/www.psychee.org\/blog\/wp-content\/uploads\/2020\/01\/portraits2.png?fit=1200%2C849&resize=700%2C400 2x, https:\/\/i0.wp.com\/www.psychee.org\/blog\/wp-content\/uploads\/2020\/01\/portraits2.png?fit=1200%2C849&resize=1050%2C600 3x"},"classes":[]},{"id":3401,"url":"http:\/\/www.psychee.org\/blog\/toutes-les-raisons-pour-lesquelles-dessin-par-jour-a-mal-porte-son-nom-recemment\/","url_meta":{"origin":6443,"position":5},"title":"Toutes les raisons pour lesquelles \u00ab\u00a0dessin par jour\u00a0\u00bb a mal port\u00e9 son nom r\u00e9cemment","author":"axelle Bouet","date":"6 juin 2016","format":false,"excerpt":"Et ce nouveau post contiendra plein de dessins, soyez rassur\u00e9s ! Mais la r\u00e9alit\u00e9 est assez simple : \u00e7a a s\u00e9v\u00e8rement taff\u00e9 ces derni\u00e8res semaines, et \u00e7a a du taffer s\u00e9v\u00e8rement tout en g\u00e9rant comme toujours des ennuis de sant\u00e9 avec lesquelles je dois constamment jongler.\u00a0 Alors pour r\u00e9sumer, voici\u2026","rel":"","context":"Dans &quot;Illos noir &amp; blanc&quot;","block_context":{"text":"Illos noir &amp; blanc","link":"http:\/\/www.psychee.org\/blog\/category\/illustrations\/noir\/"},"img":{"alt_text":"","src":"https:\/\/i0.wp.com\/www.psychee.org\/blog\/wp-content\/uploads\/2016\/06\/senocondius-final-bandeau.jpg?fit=1100%2C590&resize=350%2C200","width":350,"height":200,"srcset":"https:\/\/i0.wp.com\/www.psychee.org\/blog\/wp-content\/uploads\/2016\/06\/senocondius-final-bandeau.jpg?fit=1100%2C590&resize=350%2C200 1x, https:\/\/i0.wp.com\/www.psychee.org\/blog\/wp-content\/uploads\/2016\/06\/senocondius-final-bandeau.jpg?fit=1100%2C590&resize=525%2C300 1.5x, https:\/\/i0.wp.com\/www.psychee.org\/blog\/wp-content\/uploads\/2016\/06\/senocondius-final-bandeau.jpg?fit=1100%2C590&resize=700%2C400 2x, https:\/\/i0.wp.com\/www.psychee.org\/blog\/wp-content\/uploads\/2016\/06\/senocondius-final-bandeau.jpg?fit=1100%2C590&resize=1050%2C600 3x"},"classes":[]}],"jetpack_likes_enabled":true,"jetpack_featured_media_url":"https:\/\/i0.wp.com\/www.psychee.org\/blog\/wp-content\/uploads\/2022\/03\/blog1.jpg?fit=1280%2C800","_links":{"self":[{"href":"http:\/\/www.psychee.org\/blog\/wp-json\/wp\/v2\/posts\/6443","targetHints":{"allow":["GET"]}}],"collection":[{"href":"http:\/\/www.psychee.org\/blog\/wp-json\/wp\/v2\/posts"}],"about":[{"href":"http:\/\/www.psychee.org\/blog\/wp-json\/wp\/v2\/types\/post"}],"author":[{"embeddable":true,"href":"http:\/\/www.psychee.org\/blog\/wp-json\/wp\/v2\/users\/52"}],"replies":[{"embeddable":true,"href":"http:\/\/www.psychee.org\/blog\/wp-json\/wp\/v2\/comments?post=6443"}],"version-history":[{"count":1,"href":"http:\/\/www.psychee.org\/blog\/wp-json\/wp\/v2\/posts\/6443\/revisions"}],"predecessor-version":[{"id":6457,"href":"http:\/\/www.psychee.org\/blog\/wp-json\/wp\/v2\/posts\/6443\/revisions\/6457"}],"wp:featuredmedia":[{"embeddable":true,"href":"http:\/\/www.psychee.org\/blog\/wp-json\/wp\/v2\/media\/6456"}],"wp:attachment":[{"href":"http:\/\/www.psychee.org\/blog\/wp-json\/wp\/v2\/media?parent=6443"}],"wp:term":[{"taxonomy":"category","embeddable":true,"href":"http:\/\/www.psychee.org\/blog\/wp-json\/wp\/v2\/categories?post=6443"},{"taxonomy":"post_tag","embeddable":true,"href":"http:\/\/www.psychee.org\/blog\/wp-json\/wp\/v2\/tags?post=6443"}],"curies":[{"name":"wp","href":"https:\/\/api.w.org\/{rel}","templated":true}]}}