{"id":2140,"date":"2015-02-15T08:41:06","date_gmt":"2015-02-15T06:41:06","guid":{"rendered":"http:\/\/www.psychee.org\/blog\/?p=2140"},"modified":"2015-02-15T08:41:23","modified_gmt":"2015-02-15T06:41:23","slug":"le-festival-des-jeux-des-sables-dolonne-laffiche","status":"publish","type":"post","link":"https:\/\/www.psychee.org\/blog\/le-festival-des-jeux-des-sables-dolonne-laffiche\/","title":{"rendered":"Le festival des jeux des Sables d&rsquo;Olonne, l&rsquo;affiche"},"content":{"rendered":"<p>Donc, j&rsquo;ai eu une affiche \u00e0 faire, pour&#8230;. ben c&rsquo;est dans le titre,<a href=\"http:\/\/www.festival-du-jeu.fr\/\" target=\"_blank\"> le festival des jeux des Sables d&rsquo;Olonne<\/a>. Je dois dire m&rsquo;\u00eatre bien amus\u00e9 sur cette commande, et j&rsquo;attends avec une certaine impatience de voir l&rsquo;affiche finale, car mon travail s&rsquo;est limit\u00e9 \u00e0 la partie graphique et illustration, le maquettisme est en cours. Et apparemment, je n&rsquo;ai pas rendu les choses si simples que je le pensais !<\/p>\n<p>Mais voici donc :<\/p>\n<p><a href=\"https:\/\/i0.wp.com\/www.psychee.org\/blog\/wp-content\/uploads\/2015\/02\/fest-jeux-final3.jpg\"><img data-recalc-dims=\"1\" loading=\"lazy\" decoding=\"async\" data-attachment-id=\"2141\" data-permalink=\"https:\/\/www.psychee.org\/blog\/le-festival-des-jeux-des-sables-dolonne-laffiche\/fest-jeux-final3\/\" data-orig-file=\"https:\/\/i0.wp.com\/www.psychee.org\/blog\/wp-content\/uploads\/2015\/02\/fest-jeux-final3.jpg?fit=1100%2C1556&amp;ssl=1\" data-orig-size=\"1100,1556\" data-comments-opened=\"1\" data-image-meta=\"{&quot;aperture&quot;:&quot;0&quot;,&quot;credit&quot;:&quot;&quot;,&quot;camera&quot;:&quot;&quot;,&quot;caption&quot;:&quot;&quot;,&quot;created_timestamp&quot;:&quot;0&quot;,&quot;copyright&quot;:&quot;&quot;,&quot;focal_length&quot;:&quot;0&quot;,&quot;iso&quot;:&quot;0&quot;,&quot;shutter_speed&quot;:&quot;0&quot;,&quot;title&quot;:&quot;&quot;,&quot;orientation&quot;:&quot;0&quot;}\" data-image-title=\"fest-jeux-final3\" data-image-description=\"\" data-image-caption=\"\" data-large-file=\"https:\/\/i0.wp.com\/www.psychee.org\/blog\/wp-content\/uploads\/2015\/02\/fest-jeux-final3.jpg?fit=480%2C679&amp;ssl=1\" class=\"alignnone size-medium wp-image-2141\" src=\"https:\/\/i0.wp.com\/www.psychee.org\/blog\/wp-content\/uploads\/2015\/02\/fest-jeux-final3.jpg?resize=339%2C480\" alt=\"fest-jeux-final3\" width=\"339\" height=\"480\" srcset=\"https:\/\/i0.wp.com\/www.psychee.org\/blog\/wp-content\/uploads\/2015\/02\/fest-jeux-final3.jpg?resize=339%2C480&amp;ssl=1 339w, https:\/\/i0.wp.com\/www.psychee.org\/blog\/wp-content\/uploads\/2015\/02\/fest-jeux-final3.jpg?resize=205%2C290&amp;ssl=1 205w, https:\/\/i0.wp.com\/www.psychee.org\/blog\/wp-content\/uploads\/2015\/02\/fest-jeux-final3.jpg?resize=480%2C679&amp;ssl=1 480w, https:\/\/i0.wp.com\/www.psychee.org\/blog\/wp-content\/uploads\/2015\/02\/fest-jeux-final3.jpg?resize=900%2C1273&amp;ssl=1 900w, https:\/\/i0.wp.com\/www.psychee.org\/blog\/wp-content\/uploads\/2015\/02\/fest-jeux-final3.jpg?w=1100&amp;ssl=1 1100w\" sizes=\"auto, (max-width: 339px) 100vw, 339px\" \/><\/a><\/p>\n","protected":false},"excerpt":{"rendered":"<p>Donc, j&rsquo;ai eu une affiche \u00e0 faire, pour&#8230;. ben c&rsquo;est dans le titre, le festival des jeux des Sables d&rsquo;Olonne.<\/p>\n","protected":false},"author":52,"featured_media":2141,"comment_status":"open","ping_status":"open","sticky":false,"template":"","format":"standard","meta":{"colormag_page_container_layout":"default_layout","colormag_page_sidebar_layout":"default_layout","_jetpack_newsletter_access":"","_jetpack_dont_email_post_to_subs":false,"_jetpack_newsletter_tier_id":0,"_jetpack_memberships_contains_paywalled_content":false,"_jetpack_feature_clip_id":0,"_jetpack_memberships_contains_paid_content":false,"footnotes":"","jetpack_publicize_message":"","jetpack_publicize_feature_enabled":true,"jetpack_social_post_already_shared":true,"jetpack_social_options":{"image_generator_settings":{"template":"highway","default_image_id":0,"font":"","enabled":false},"version":2},"jetpack_post_was_ever_published":false},"categories":[3,6,9,10,11],"tags":[251,252,402,119,253,18],"class_list":["post-2140","post","type-post","status-publish","format-standard","has-post-thumbnail","hentry","category-illustrations","category-couleur","category-jobs","category-jdr","category-blog","tag-affiche","tag-festival-des-jeux","tag-couleur","tag-psychee","tag-sables-dolonne","tag-travail"],"jetpack_publicize_connections":[],"jetpack_sharing_enabled":true,"jetpack_shortlink":"https:\/\/wp.me\/p2iISD-yw","jetpack-related-posts":[{"id":3620,"url":"https:\/\/www.psychee.org\/blog\/dessins-du-dimanche\/","url_meta":{"origin":2140,"position":0},"title":"Dessins du Dimanche","author":"axelle Bouet","date":"26 septembre 2016","format":false,"excerpt":"En ce moment, d'une part je suis d\u00e9bord\u00e9e pour pr\u00e9parer la Convention Octogone, pour relire et r\u00e9viser le tome deux de la Saga de mes romans les Chants de Loss et aussi pour avancer le jeu de r\u00f4le et fournir des donn\u00e9es \u00e0 mes co-auteurs. Et le tout toujours malade,\u2026","rel":"","context":"Dans &quot;Illos noir &amp; blanc&quot;","block_context":{"text":"Illos noir &amp; blanc","link":"https:\/\/www.psychee.org\/blog\/category\/illustrations\/noir\/"},"img":{"alt_text":"","src":"https:\/\/i0.wp.com\/www.psychee.org\/blog\/wp-content\/uploads\/2016\/09\/sabres.jpg?fit=1200%2C401&ssl=1&resize=350%2C200","width":350,"height":200,"srcset":"https:\/\/i0.wp.com\/www.psychee.org\/blog\/wp-content\/uploads\/2016\/09\/sabres.jpg?fit=1200%2C401&ssl=1&resize=350%2C200 1x, https:\/\/i0.wp.com\/www.psychee.org\/blog\/wp-content\/uploads\/2016\/09\/sabres.jpg?fit=1200%2C401&ssl=1&resize=525%2C300 1.5x, https:\/\/i0.wp.com\/www.psychee.org\/blog\/wp-content\/uploads\/2016\/09\/sabres.jpg?fit=1200%2C401&ssl=1&resize=700%2C400 2x, https:\/\/i0.wp.com\/www.psychee.org\/blog\/wp-content\/uploads\/2016\/09\/sabres.jpg?fit=1200%2C401&ssl=1&resize=1050%2C600 3x"},"classes":[]},{"id":4167,"url":"https:\/\/www.psychee.org\/blog\/les-heros-des-chants-de-loss\/","url_meta":{"origin":2140,"position":1},"title":"Les h\u00e9ros des Chants de Loss","author":"axelle Bouet","date":"14 juin 2017","format":false,"excerpt":"25 heures de travail plus tard, finalement, je serai parvenue \u00e0 r\u00e9ussir ce petit chef-d\u2019\u0153uvre, j'entends par l\u00e0 : pour mes comp\u00e9tences. Je ne savais pas ce que je faisais, partant d'une id\u00e9e gribouill\u00e9e, et travaillant finalement sur une technique qu'on appelle la peinture \u00e0 l'overlay : on travaille tout\u2026","rel":"","context":"Dans &quot;Illustrations&quot;","block_context":{"text":"Illustrations","link":"https:\/\/www.psychee.org\/blog\/category\/illustrations\/"},"img":{"alt_text":"","src":"https:\/\/i0.wp.com\/www.psychee.org\/blog\/wp-content\/uploads\/2017\/06\/poster-loss-bandeau2.jpg?fit=1100%2C547&ssl=1&resize=350%2C200","width":350,"height":200,"srcset":"https:\/\/i0.wp.com\/www.psychee.org\/blog\/wp-content\/uploads\/2017\/06\/poster-loss-bandeau2.jpg?fit=1100%2C547&ssl=1&resize=350%2C200 1x, https:\/\/i0.wp.com\/www.psychee.org\/blog\/wp-content\/uploads\/2017\/06\/poster-loss-bandeau2.jpg?fit=1100%2C547&ssl=1&resize=525%2C300 1.5x, https:\/\/i0.wp.com\/www.psychee.org\/blog\/wp-content\/uploads\/2017\/06\/poster-loss-bandeau2.jpg?fit=1100%2C547&ssl=1&resize=700%2C400 2x, https:\/\/i0.wp.com\/www.psychee.org\/blog\/wp-content\/uploads\/2017\/06\/poster-loss-bandeau2.jpg?fit=1100%2C547&ssl=1&resize=1050%2C600 3x"},"classes":[]},{"id":4529,"url":"https:\/\/www.psychee.org\/blog\/ya-pas-que-les-inktober\/","url_meta":{"origin":2140,"position":2},"title":"Y&rsquo;a pas que les inktober !","author":"axelle Bouet","date":"17 octobre 2018","format":false,"excerpt":"Une mani\u00e8re \u00e9l\u00e9gante de dire que mon engouement pour le travail est revenu en m\u00eame temps que ma sant\u00e9 relative, apr\u00e8s mes soucis de coeur cet \u00e9t\u00e9 et le temps n\u00e9cessaire \u00e0 ma convalescence. Je reprends le rythme, moins effr\u00e9n\u00e9, mais toujours aussi enthousiaste... et on commence par vous montrer\u2026","rel":"","context":"Dans &quot;Illustrations couleurs&quot;","block_context":{"text":"Illustrations couleurs","link":"https:\/\/www.psychee.org\/blog\/category\/illustrations\/noir\/couleur\/"},"img":{"alt_text":"","src":"https:\/\/i0.wp.com\/www.psychee.org\/blog\/wp-content\/uploads\/2018\/10\/orcidee-2019-final.jpg?fit=849%2C1200&ssl=1&resize=350%2C200","width":350,"height":200,"srcset":"https:\/\/i0.wp.com\/www.psychee.org\/blog\/wp-content\/uploads\/2018\/10\/orcidee-2019-final.jpg?fit=849%2C1200&ssl=1&resize=350%2C200 1x, https:\/\/i0.wp.com\/www.psychee.org\/blog\/wp-content\/uploads\/2018\/10\/orcidee-2019-final.jpg?fit=849%2C1200&ssl=1&resize=525%2C300 1.5x, https:\/\/i0.wp.com\/www.psychee.org\/blog\/wp-content\/uploads\/2018\/10\/orcidee-2019-final.jpg?fit=849%2C1200&ssl=1&resize=700%2C400 2x"},"classes":[]},{"id":375,"url":"https:\/\/www.psychee.org\/blog\/cest-sense-etre-une-etude\/","url_meta":{"origin":2140,"position":3},"title":"C&rsquo;est sens\u00e9 \u00eatre une \u00e9tude&#8230;","author":"Psychee","date":"19 mars 2012","format":false,"excerpt":".. mais je me suis un peu emport\u00e9. Alias doit en sourire, mais faudra que je fasse moins chiad\u00e9 pour les autres \u00e9tudes. Mais bref, voici le premier dessin d'\u00e9tudes pour le suppl\u00e9ment Lupanar, et \u00e0 tout seigneur tout honneur, une telandil. Je ne r\u00e9siste pas au plaisir de vous\u2026","rel":"","context":"Dans &quot;Illustrations&quot;","block_context":{"text":"Illustrations","link":"https:\/\/www.psychee.org\/blog\/category\/illustrations\/"},"img":{"alt_text":"","src":"https:\/\/i0.wp.com\/www.psychee.org\/blog\/wp-content\/uploads\/2012\/03\/oliandil-couleur1.jpg?fit=800%2C1132&ssl=1&resize=350%2C200","width":350,"height":200,"srcset":"https:\/\/i0.wp.com\/www.psychee.org\/blog\/wp-content\/uploads\/2012\/03\/oliandil-couleur1.jpg?fit=800%2C1132&ssl=1&resize=350%2C200 1x, https:\/\/i0.wp.com\/www.psychee.org\/blog\/wp-content\/uploads\/2012\/03\/oliandil-couleur1.jpg?fit=800%2C1132&ssl=1&resize=525%2C300 1.5x, https:\/\/i0.wp.com\/www.psychee.org\/blog\/wp-content\/uploads\/2012\/03\/oliandil-couleur1.jpg?fit=800%2C1132&ssl=1&resize=700%2C400 2x"},"classes":[]},{"id":4293,"url":"https:\/\/www.psychee.org\/blog\/des-dessins-oui-encore-et-toujours-et-vous-ne-les-voyez-pas-tous\/","url_meta":{"origin":2140,"position":4},"title":"Des dessins ! Oui, encore et toujours et vous ne les voyez pas tous&#8230;","author":"axelle Bouet","date":"11 novembre 2017","format":false,"excerpt":"Le fait est, pour appuyer ce titre\u00a0 un brin putassier, que si vous aimez voir mon travail en direct, je ne peux que vous encourager \u00e0 vous abonner \u00e0 ma page facebook : https:\/\/www.facebook.com\/psycheeart et ne pas oublier de cliquer sur le bouton \"d\u00e9j\u00e0 abonn\u00e9\" et de choisir l'option \"voir\u2026","rel":"","context":"Dans &quot;Illustrations&quot;","block_context":{"text":"Illustrations","link":"https:\/\/www.psychee.org\/blog\/category\/illustrations\/"},"img":{"alt_text":"","src":"https:\/\/i0.wp.com\/www.psychee.org\/blog\/wp-content\/uploads\/2017\/11\/lisa-automn-final.jpg?fit=849%2C1200&ssl=1&resize=350%2C200","width":350,"height":200,"srcset":"https:\/\/i0.wp.com\/www.psychee.org\/blog\/wp-content\/uploads\/2017\/11\/lisa-automn-final.jpg?fit=849%2C1200&ssl=1&resize=350%2C200 1x, https:\/\/i0.wp.com\/www.psychee.org\/blog\/wp-content\/uploads\/2017\/11\/lisa-automn-final.jpg?fit=849%2C1200&ssl=1&resize=525%2C300 1.5x, https:\/\/i0.wp.com\/www.psychee.org\/blog\/wp-content\/uploads\/2017\/11\/lisa-automn-final.jpg?fit=849%2C1200&ssl=1&resize=700%2C400 2x"},"classes":[]},{"id":286,"url":"https:\/\/www.psychee.org\/blog\/tribute-for-polaris-suite-et-fin\/","url_meta":{"origin":2140,"position":5},"title":"Tribute for Polaris, suite et fin","author":"Psychee","date":"19 avril 2010","format":false,"excerpt":"Encore une fois, le mot fin n'est pas \u00e9vident \u00e0 placer ici... je ne suis pas contente des effets visuels mais: 1) mon PC rame de nouveau comme une grand-m\u00e8re en d\u00e9ambulateurs, d\u00e8s que je suis sur le net. Et \u00e7a me porte sur les nerfs. 2) j'ai g\u00e9r\u00e9 avec\u2026","rel":"","context":"Dans &quot;Illustrations couleurs&quot;","block_context":{"text":"Illustrations couleurs","link":"https:\/\/www.psychee.org\/blog\/category\/illustrations\/noir\/couleur\/"},"img":{"alt_text":"","src":"https:\/\/i0.wp.com\/www.psychee.org\/blog\/wp-content\/uploads\/2010\/04\/polaris-final.jpg?fit=850%2C1195&ssl=1&resize=350%2C200","width":350,"height":200,"srcset":"https:\/\/i0.wp.com\/www.psychee.org\/blog\/wp-content\/uploads\/2010\/04\/polaris-final.jpg?fit=850%2C1195&ssl=1&resize=350%2C200 1x, https:\/\/i0.wp.com\/www.psychee.org\/blog\/wp-content\/uploads\/2010\/04\/polaris-final.jpg?fit=850%2C1195&ssl=1&resize=525%2C300 1.5x, https:\/\/i0.wp.com\/www.psychee.org\/blog\/wp-content\/uploads\/2010\/04\/polaris-final.jpg?fit=850%2C1195&ssl=1&resize=700%2C400 2x"},"classes":[]}],"jetpack_likes_enabled":true,"jetpack_featured_media_url":"https:\/\/i0.wp.com\/www.psychee.org\/blog\/wp-content\/uploads\/2015\/02\/fest-jeux-final3.jpg?fit=1100%2C1556&ssl=1","_links":{"self":[{"href":"https:\/\/www.psychee.org\/blog\/wp-json\/wp\/v2\/posts\/2140","targetHints":{"allow":["GET"]}}],"collection":[{"href":"https:\/\/www.psychee.org\/blog\/wp-json\/wp\/v2\/posts"}],"about":[{"href":"https:\/\/www.psychee.org\/blog\/wp-json\/wp\/v2\/types\/post"}],"author":[{"embeddable":true,"href":"https:\/\/www.psychee.org\/blog\/wp-json\/wp\/v2\/users\/52"}],"replies":[{"embeddable":true,"href":"https:\/\/www.psychee.org\/blog\/wp-json\/wp\/v2\/comments?post=2140"}],"version-history":[{"count":2,"href":"https:\/\/www.psychee.org\/blog\/wp-json\/wp\/v2\/posts\/2140\/revisions"}],"predecessor-version":[{"id":2143,"href":"https:\/\/www.psychee.org\/blog\/wp-json\/wp\/v2\/posts\/2140\/revisions\/2143"}],"wp:featuredmedia":[{"embeddable":true,"href":"https:\/\/www.psychee.org\/blog\/wp-json\/wp\/v2\/media\/2141"}],"wp:attachment":[{"href":"https:\/\/www.psychee.org\/blog\/wp-json\/wp\/v2\/media?parent=2140"}],"wp:term":[{"taxonomy":"category","embeddable":true,"href":"https:\/\/www.psychee.org\/blog\/wp-json\/wp\/v2\/categories?post=2140"},{"taxonomy":"post_tag","embeddable":true,"href":"https:\/\/www.psychee.org\/blog\/wp-json\/wp\/v2\/tags?post=2140"}],"curies":[{"name":"wp","href":"https:\/\/api.w.org\/{rel}","templated":true}]}}