{"id":3401,"date":"2016-06-06T12:39:45","date_gmt":"2016-06-06T10:39:45","guid":{"rendered":"http:\/\/www.psychee.org\/blog\/?p=3401"},"modified":"2016-06-06T12:42:14","modified_gmt":"2016-06-06T10:42:14","slug":"toutes-les-raisons-pour-lesquelles-dessin-par-jour-a-mal-porte-son-nom-recemment","status":"publish","type":"post","link":"https:\/\/www.psychee.org\/blog\/toutes-les-raisons-pour-lesquelles-dessin-par-jour-a-mal-porte-son-nom-recemment\/","title":{"rendered":"Toutes les raisons pour lesquelles \u00ab\u00a0dessin par jour\u00a0\u00bb a mal port\u00e9 son nom r\u00e9cemment"},"content":{"rendered":"<p style=\"text-align: justify;\">Et ce nouveau post contiendra plein de dessins, soyez rassur\u00e9s !<\/p>\n<p style=\"text-align: justify;\">Mais la r\u00e9alit\u00e9 est assez simple : \u00e7a a s\u00e9v\u00e8rement taff\u00e9 ces derni\u00e8res semaines, et \u00e7a a du taffer s\u00e9v\u00e8rement tout en g\u00e9rant comme toujours des ennuis de sant\u00e9 avec lesquelles je dois constamment jongler.\u00a0 Alors pour r\u00e9sumer, voici quelques nouvelles, dont vous avez eu d\u00e9j\u00e0 \u00e9cho si vous me suivez sur Facebook et si\u00a0 vous \u00eates abonn\u00e9s <a href=\"https:\/\/www.facebook.com\/groups\/loss.groupe\/?fref=ts\" target=\"_blank\">\u00e0 la page Les Chants de Loss, le Groupe de Discussion (et sinon, allez vous abonnez de suite, hop !)<\/a><\/p>\n<h3 style=\"text-align: justify;\">Les Chants de Loss, le jeu de r\u00f4le<\/h3>\n<p style=\"text-align: justify;\">En premier lieu, <a href=\"http:\/\/www.loss-jdr.psychee.org\/\" target=\"_blank\">les Chants de Loss, le jeu de r\u00f4le,<\/a> a trouv\u00e9 son \u00e9diteur ! Pour le moment, je ne puis vous annoncer qui, pour des raisons de confidentialit\u00e9. D&rsquo;ici deux semaines, le contrat valid\u00e9 aussi bien par notre \u00e9diteur qu&rsquo;Emilie Latieule, Alysia Lor\u00e9tan et moi, sera pr\u00eat et sign\u00e9.\u00a0 Un contrat, c&rsquo;est un processus long, ce qui explique pourquoi cela a pris autant de temps. je dois d&rsquo;ailleurs faire un petit courrier aux autres \u00e9diteurs pour leur annoncer que nous avons donc trouv\u00e9 notre partenaire et les remercier comme il se doit, m\u00eame si je le fais ici-m\u00eame : merci \u00e0 vous tous de votre attention et de votre patience, de tout mon c\u0153ur !<\/p>\n<p style=\"text-align: justify;\">Oui cela veut aussi dire qu&rsquo;on a des deadlines et une date pr\u00e9vue pour l&rsquo;ach\u00e8vement du jeu de r\u00f4le avant de lancer un financement participatif. L\u00e0 encore, on ne peut rien dire de pr\u00e9cis, mais ce sera pour la fin de l&rsquo;ann\u00e9e quand \u00e0 l&rsquo;ach\u00e8vement complet de la r\u00e9daction du JDR, et sans doutes dans le m\u00eame temps du premier suppl\u00e9ment : Armanth, La cit\u00e9 des Maitres-Marchands. Pour le financement participatif, il y a des chances que ce soit trois mois plus tard environ, mais sans rien de s\u00fbr encore.<\/p>\n<h3 style=\"text-align: justify;\">Loss, les romans<\/h3>\n<p style=\"text-align: justify;\">En second lieu, <a href=\"http:\/\/www.loss.psychee.org\/\" target=\"_blank\">le tome 2 Les Chants de Loss est en passe d&rsquo;\u00eatre fini<\/a>, avec beaucoup de retard, mais on arrive au bout. Il sera toujours \u00e9dit\u00e9 chez Stellamaris au courant de l&rsquo;\u00e9t\u00e9 (vous saurez quoi emmener en Aout sur les plages !) et pour la rentr\u00e9e, vous aurez la joie de retrouver le tome 1, mais dans une version illustr\u00e9e, enrichie d&rsquo;annexes et de textes sur le monde de Loss, et sans doute d&rsquo;une petite nouvelle d&rsquo;intro pour d\u00e9voiler un peu un bout du pass\u00e9 de Jawaad et ses amis !<\/p>\n<h3 style=\"text-align: justify;\">Mon boulot se porte bien !<\/h3>\n<p style=\"text-align: justify;\">Et enfin, pour le mois de Juin, j&rsquo;approche d&rsquo;un vrai salaire (bon, un petit salaire normes fran\u00e7aises ; aux normes Suisses faudrait le double) en mati\u00e8re d&rsquo;honoraires pour mes illustrations gr\u00e2ce \u00e0 vos commandes.\u00a0 Je peux encore prendre deux commissions de particulier, mais j&rsquo;ai comme rarement eu en trois ans, un planning bouch\u00e9 pour Juin et tout d\u00e9but Juillet ! N&rsquo;h\u00e9sitez pas donc \u00e0 me contacter et demander mes tarifs ! Si je peux assurer ce rythme l\u00e0 en moyenne, je vais commencer \u00e0 sortir de l&rsquo;impasse financi\u00e8re, celle qui fait que personne ne me voit jamais en convention sauf autour de chez moi, simplement parce que je n&rsquo;ai pas du tout les moyens de me d\u00e9placer.<\/p>\n<p style=\"text-align: justify;\">A ce sujet, je vais refaire ma grille tarifaire de mani\u00e8re plus d\u00e9taill\u00e9e et compl\u00e8te ces prochains jours, pour distinguer clairement les commandes professionnelles des commissions personnelles.<\/p>\n<p style=\"text-align: justify;\">Et donc&#8230; \u00e7a a dessin\u00e9 s\u00e9v\u00e8rement ces derniers temps, et vous allez en voir publi\u00e9 le long de la semaine&#8230; voici pour commencer les illustrations command\u00e9s par l&rsquo;association BAP qui cr\u00e9e l<a href=\"https:\/\/www.facebook.com\/ynnpryddein\/\" target=\"_blank\">e jeu de r\u00f4le celtique-historique Ynn Pryddein<\/a> :<\/p>\n<p style=\"text-align: justify;\"><a href=\"https:\/\/i0.wp.com\/www.psychee.org\/blog\/wp-content\/uploads\/2016\/06\/ynn-priddein5-final.jpg\"><img data-recalc-dims=\"1\" loading=\"lazy\" decoding=\"async\" data-attachment-id=\"3402\" data-permalink=\"https:\/\/www.psychee.org\/blog\/toutes-les-raisons-pour-lesquelles-dessin-par-jour-a-mal-porte-son-nom-recemment\/ynn-priddein5-final\/\" data-orig-file=\"https:\/\/i0.wp.com\/www.psychee.org\/blog\/wp-content\/uploads\/2016\/06\/ynn-priddein5-final.jpg?fit=1100%2C1556&amp;ssl=1\" data-orig-size=\"1100,1556\" data-comments-opened=\"1\" data-image-meta=\"{&quot;aperture&quot;:&quot;0&quot;,&quot;credit&quot;:&quot;&quot;,&quot;camera&quot;:&quot;&quot;,&quot;caption&quot;:&quot;&quot;,&quot;created_timestamp&quot;:&quot;0&quot;,&quot;copyright&quot;:&quot;&quot;,&quot;focal_length&quot;:&quot;0&quot;,&quot;iso&quot;:&quot;0&quot;,&quot;shutter_speed&quot;:&quot;0&quot;,&quot;title&quot;:&quot;&quot;,&quot;orientation&quot;:&quot;0&quot;}\" data-image-title=\"ynn-priddein5-final\" data-image-description=\"\" data-image-caption=\"\" data-medium-file=\"https:\/\/i0.wp.com\/www.psychee.org\/blog\/wp-content\/uploads\/2016\/06\/ynn-priddein5-final.jpg?fit=339%2C480&amp;ssl=1\" data-large-file=\"https:\/\/i0.wp.com\/www.psychee.org\/blog\/wp-content\/uploads\/2016\/06\/ynn-priddein5-final.jpg?fit=480%2C679&amp;ssl=1\" class=\"alignnone size-large wp-image-3402\" src=\"https:\/\/i0.wp.com\/www.psychee.org\/blog\/wp-content\/uploads\/2016\/06\/ynn-priddein5-final.jpg?resize=474%2C671\" alt=\"ynn-priddein5-final\" width=\"474\" height=\"671\" srcset=\"https:\/\/i0.wp.com\/www.psychee.org\/blog\/wp-content\/uploads\/2016\/06\/ynn-priddein5-final.jpg?resize=480%2C679&amp;ssl=1 480w, https:\/\/i0.wp.com\/www.psychee.org\/blog\/wp-content\/uploads\/2016\/06\/ynn-priddein5-final.jpg?resize=205%2C290&amp;ssl=1 205w, https:\/\/i0.wp.com\/www.psychee.org\/blog\/wp-content\/uploads\/2016\/06\/ynn-priddein5-final.jpg?resize=339%2C480&amp;ssl=1 339w, https:\/\/i0.wp.com\/www.psychee.org\/blog\/wp-content\/uploads\/2016\/06\/ynn-priddein5-final.jpg?resize=768%2C1086&amp;ssl=1 768w, https:\/\/i0.wp.com\/www.psychee.org\/blog\/wp-content\/uploads\/2016\/06\/ynn-priddein5-final.jpg?w=1100&amp;ssl=1 1100w\" sizes=\"auto, (max-width: 474px) 100vw, 474px\" \/><\/a><\/p>\n<p style=\"text-align: justify;\"><a href=\"https:\/\/i0.wp.com\/www.psychee.org\/blog\/wp-content\/uploads\/2016\/06\/ynn-priddein6-1100.jpg\"><img data-recalc-dims=\"1\" loading=\"lazy\" decoding=\"async\" data-attachment-id=\"3403\" data-permalink=\"https:\/\/www.psychee.org\/blog\/toutes-les-raisons-pour-lesquelles-dessin-par-jour-a-mal-porte-son-nom-recemment\/ynn-priddein6-1100\/\" data-orig-file=\"https:\/\/i0.wp.com\/www.psychee.org\/blog\/wp-content\/uploads\/2016\/06\/ynn-priddein6-1100.jpg?fit=1100%2C1556&amp;ssl=1\" data-orig-size=\"1100,1556\" data-comments-opened=\"1\" data-image-meta=\"{&quot;aperture&quot;:&quot;0&quot;,&quot;credit&quot;:&quot;&quot;,&quot;camera&quot;:&quot;&quot;,&quot;caption&quot;:&quot;&quot;,&quot;created_timestamp&quot;:&quot;0&quot;,&quot;copyright&quot;:&quot;&quot;,&quot;focal_length&quot;:&quot;0&quot;,&quot;iso&quot;:&quot;0&quot;,&quot;shutter_speed&quot;:&quot;0&quot;,&quot;title&quot;:&quot;&quot;,&quot;orientation&quot;:&quot;0&quot;}\" data-image-title=\"ynn-priddein6-1100\" data-image-description=\"\" data-image-caption=\"\" data-medium-file=\"https:\/\/i0.wp.com\/www.psychee.org\/blog\/wp-content\/uploads\/2016\/06\/ynn-priddein6-1100.jpg?fit=339%2C480&amp;ssl=1\" data-large-file=\"https:\/\/i0.wp.com\/www.psychee.org\/blog\/wp-content\/uploads\/2016\/06\/ynn-priddein6-1100.jpg?fit=480%2C679&amp;ssl=1\" class=\"alignnone size-large wp-image-3403\" src=\"https:\/\/i0.wp.com\/www.psychee.org\/blog\/wp-content\/uploads\/2016\/06\/ynn-priddein6-1100.jpg?resize=474%2C671\" alt=\"ynn-priddein6-1100\" width=\"474\" height=\"671\" srcset=\"https:\/\/i0.wp.com\/www.psychee.org\/blog\/wp-content\/uploads\/2016\/06\/ynn-priddein6-1100.jpg?resize=480%2C679&amp;ssl=1 480w, https:\/\/i0.wp.com\/www.psychee.org\/blog\/wp-content\/uploads\/2016\/06\/ynn-priddein6-1100.jpg?resize=205%2C290&amp;ssl=1 205w, https:\/\/i0.wp.com\/www.psychee.org\/blog\/wp-content\/uploads\/2016\/06\/ynn-priddein6-1100.jpg?resize=339%2C480&amp;ssl=1 339w, https:\/\/i0.wp.com\/www.psychee.org\/blog\/wp-content\/uploads\/2016\/06\/ynn-priddein6-1100.jpg?resize=768%2C1086&amp;ssl=1 768w, https:\/\/i0.wp.com\/www.psychee.org\/blog\/wp-content\/uploads\/2016\/06\/ynn-priddein6-1100.jpg?w=1100&amp;ssl=1 1100w\" sizes=\"auto, (max-width: 474px) 100vw, 474px\" \/><\/a><\/p>\n<p style=\"text-align: justify;\"><a href=\"https:\/\/i0.wp.com\/www.psychee.org\/blog\/wp-content\/uploads\/2016\/06\/senocondius-final-1100-colo.jpg\"><img data-recalc-dims=\"1\" loading=\"lazy\" decoding=\"async\" data-attachment-id=\"3404\" data-permalink=\"https:\/\/www.psychee.org\/blog\/toutes-les-raisons-pour-lesquelles-dessin-par-jour-a-mal-porte-son-nom-recemment\/senocondius-final-1100-colo\/\" data-orig-file=\"https:\/\/i0.wp.com\/www.psychee.org\/blog\/wp-content\/uploads\/2016\/06\/senocondius-final-1100-colo.jpg?fit=1100%2C1556&amp;ssl=1\" data-orig-size=\"1100,1556\" data-comments-opened=\"1\" data-image-meta=\"{&quot;aperture&quot;:&quot;0&quot;,&quot;credit&quot;:&quot;&quot;,&quot;camera&quot;:&quot;&quot;,&quot;caption&quot;:&quot;&quot;,&quot;created_timestamp&quot;:&quot;0&quot;,&quot;copyright&quot;:&quot;&quot;,&quot;focal_length&quot;:&quot;0&quot;,&quot;iso&quot;:&quot;0&quot;,&quot;shutter_speed&quot;:&quot;0&quot;,&quot;title&quot;:&quot;&quot;,&quot;orientation&quot;:&quot;0&quot;}\" data-image-title=\"senocondius-final-1100-colo\" data-image-description=\"\" data-image-caption=\"\" data-medium-file=\"https:\/\/i0.wp.com\/www.psychee.org\/blog\/wp-content\/uploads\/2016\/06\/senocondius-final-1100-colo.jpg?fit=339%2C480&amp;ssl=1\" data-large-file=\"https:\/\/i0.wp.com\/www.psychee.org\/blog\/wp-content\/uploads\/2016\/06\/senocondius-final-1100-colo.jpg?fit=480%2C679&amp;ssl=1\" class=\"alignnone size-large wp-image-3404\" src=\"https:\/\/i0.wp.com\/www.psychee.org\/blog\/wp-content\/uploads\/2016\/06\/senocondius-final-1100-colo.jpg?resize=474%2C671\" alt=\"senocondius-final-1100-colo\" width=\"474\" height=\"671\" srcset=\"https:\/\/i0.wp.com\/www.psychee.org\/blog\/wp-content\/uploads\/2016\/06\/senocondius-final-1100-colo.jpg?resize=480%2C679&amp;ssl=1 480w, https:\/\/i0.wp.com\/www.psychee.org\/blog\/wp-content\/uploads\/2016\/06\/senocondius-final-1100-colo.jpg?resize=205%2C290&amp;ssl=1 205w, https:\/\/i0.wp.com\/www.psychee.org\/blog\/wp-content\/uploads\/2016\/06\/senocondius-final-1100-colo.jpg?resize=339%2C480&amp;ssl=1 339w, https:\/\/i0.wp.com\/www.psychee.org\/blog\/wp-content\/uploads\/2016\/06\/senocondius-final-1100-colo.jpg?resize=768%2C1086&amp;ssl=1 768w, https:\/\/i0.wp.com\/www.psychee.org\/blog\/wp-content\/uploads\/2016\/06\/senocondius-final-1100-colo.jpg?w=1100&amp;ssl=1 1100w\" sizes=\"auto, (max-width: 474px) 100vw, 474px\" \/><\/a><\/p>\n<p style=\"text-align: justify;\"><a href=\"https:\/\/i0.wp.com\/www.psychee.org\/blog\/wp-content\/uploads\/2016\/06\/senocondius-final-1100-nb.jpg\"><img data-recalc-dims=\"1\" loading=\"lazy\" decoding=\"async\" data-attachment-id=\"3405\" data-permalink=\"https:\/\/www.psychee.org\/blog\/toutes-les-raisons-pour-lesquelles-dessin-par-jour-a-mal-porte-son-nom-recemment\/senocondius-final-1100-nb\/\" data-orig-file=\"https:\/\/i0.wp.com\/www.psychee.org\/blog\/wp-content\/uploads\/2016\/06\/senocondius-final-1100-nb.jpg?fit=1100%2C1556&amp;ssl=1\" data-orig-size=\"1100,1556\" data-comments-opened=\"1\" data-image-meta=\"{&quot;aperture&quot;:&quot;0&quot;,&quot;credit&quot;:&quot;&quot;,&quot;camera&quot;:&quot;&quot;,&quot;caption&quot;:&quot;&quot;,&quot;created_timestamp&quot;:&quot;0&quot;,&quot;copyright&quot;:&quot;&quot;,&quot;focal_length&quot;:&quot;0&quot;,&quot;iso&quot;:&quot;0&quot;,&quot;shutter_speed&quot;:&quot;0&quot;,&quot;title&quot;:&quot;&quot;,&quot;orientation&quot;:&quot;0&quot;}\" data-image-title=\"senocondius-final-1100-nb\" data-image-description=\"\" data-image-caption=\"\" data-medium-file=\"https:\/\/i0.wp.com\/www.psychee.org\/blog\/wp-content\/uploads\/2016\/06\/senocondius-final-1100-nb.jpg?fit=339%2C480&amp;ssl=1\" data-large-file=\"https:\/\/i0.wp.com\/www.psychee.org\/blog\/wp-content\/uploads\/2016\/06\/senocondius-final-1100-nb.jpg?fit=480%2C679&amp;ssl=1\" class=\"alignnone size-large wp-image-3405\" src=\"https:\/\/i0.wp.com\/www.psychee.org\/blog\/wp-content\/uploads\/2016\/06\/senocondius-final-1100-nb.jpg?resize=474%2C671\" alt=\"senocondius-final-1100-nb\" width=\"474\" height=\"671\" srcset=\"https:\/\/i0.wp.com\/www.psychee.org\/blog\/wp-content\/uploads\/2016\/06\/senocondius-final-1100-nb.jpg?resize=480%2C679&amp;ssl=1 480w, https:\/\/i0.wp.com\/www.psychee.org\/blog\/wp-content\/uploads\/2016\/06\/senocondius-final-1100-nb.jpg?resize=205%2C290&amp;ssl=1 205w, https:\/\/i0.wp.com\/www.psychee.org\/blog\/wp-content\/uploads\/2016\/06\/senocondius-final-1100-nb.jpg?resize=339%2C480&amp;ssl=1 339w, https:\/\/i0.wp.com\/www.psychee.org\/blog\/wp-content\/uploads\/2016\/06\/senocondius-final-1100-nb.jpg?resize=768%2C1086&amp;ssl=1 768w, https:\/\/i0.wp.com\/www.psychee.org\/blog\/wp-content\/uploads\/2016\/06\/senocondius-final-1100-nb.jpg?w=1100&amp;ssl=1 1100w\" sizes=\"auto, (max-width: 474px) 100vw, 474px\" \/><\/a><\/p>\n<p>&nbsp;<\/p>\n","protected":false},"excerpt":{"rendered":"<p>Et ce nouveau post contiendra plein de dessins, soyez rassur\u00e9s ! Mais la r\u00e9alit\u00e9 est assez simple : \u00e7a a<\/p>\n","protected":false},"author":52,"featured_media":3406,"comment_status":"open","ping_status":"open","sticky":false,"template":"","format":"standard","meta":{"colormag_page_container_layout":"default_layout","colormag_page_sidebar_layout":"default_layout","jetpack_post_was_ever_published":false,"_jetpack_newsletter_access":"","_jetpack_dont_email_post_to_subs":false,"_jetpack_newsletter_tier_id":0,"_jetpack_memberships_contains_paywalled_content":false,"_jetpack_memberships_contains_paid_content":false,"footnotes":"","jetpack_publicize_message":"","jetpack_publicize_feature_enabled":true,"jetpack_social_post_already_shared":true,"jetpack_social_options":{"image_generator_settings":{"template":"highway","default_image_id":0,"font":"","enabled":false},"version":2}},"categories":[5,3,6,9,11],"tags":[133,242,402,54,15,27,230,119,18],"class_list":["post-3401","post","type-post","status-publish","format-standard","has-post-thumbnail","hentry","category-noir","category-illustrations","category-couleur","category-jobs","category-blog","tag-axelle","tag-bouet","tag-couleur","tag-illustrations-noir-et-blanc","tag-jeux-de-roles","tag-job","tag-les-chants-de-loss","tag-psychee","tag-travail"],"jetpack_publicize_connections":[],"jetpack_featured_media_url":"https:\/\/i0.wp.com\/www.psychee.org\/blog\/wp-content\/uploads\/2016\/06\/senocondius-final-bandeau.jpg?fit=1100%2C590&ssl=1","jetpack_sharing_enabled":true,"jetpack_shortlink":"https:\/\/wp.me\/p2iISD-SR","jetpack-related-posts":[{"id":3857,"url":"https:\/\/www.psychee.org\/blog\/les-dessins-de-la-semaine-en-retard-pour-changer\/","url_meta":{"origin":3401,"position":0},"title":"Les dessins de la semaine en retard (pour changer)","author":"axelle Bouet","date":"16 janvier 2017","format":false,"excerpt":"Comme cela a boss\u00e9 et bosse encore dru sur la derni\u00e8re ligne droite r\u00e9dactionnelle pour Les Chants de Loss, le jeu de r\u00f4le, je prends assez peu mes crayons\/stylets\/tablette graphique. D'o\u00f9 un certain silence sur ce blog. Bon, je pourrai vous partager certains billets d'humeur r\u00e9cents, mais franchement, arroser au\u2026","rel":"","context":"Dans &quot;Illos noir &amp; blanc&quot;","block_context":{"text":"Illos noir &amp; blanc","link":"https:\/\/www.psychee.org\/blog\/category\/illustrations\/noir\/"},"img":{"alt_text":"","src":"https:\/\/i0.wp.com\/www.psychee.org\/blog\/wp-content\/uploads\/2017\/01\/blade-and-tavern-final.jpg?fit=849%2C1200&ssl=1&resize=350%2C200","width":350,"height":200,"srcset":"https:\/\/i0.wp.com\/www.psychee.org\/blog\/wp-content\/uploads\/2017\/01\/blade-and-tavern-final.jpg?fit=849%2C1200&ssl=1&resize=350%2C200 1x, https:\/\/i0.wp.com\/www.psychee.org\/blog\/wp-content\/uploads\/2017\/01\/blade-and-tavern-final.jpg?fit=849%2C1200&ssl=1&resize=525%2C300 1.5x, https:\/\/i0.wp.com\/www.psychee.org\/blog\/wp-content\/uploads\/2017\/01\/blade-and-tavern-final.jpg?fit=849%2C1200&ssl=1&resize=700%2C400 2x"},"classes":[]},{"id":3937,"url":"https:\/\/www.psychee.org\/blog\/les-couvertures-et-le-logo-des-chants-de-loss\/","url_meta":{"origin":3401,"position":1},"title":"Les couvertures et le logo des Chants de Loss","author":"axelle Bouet","date":"20 avril 2017","format":false,"excerpt":"Un mois sans dessiner ? Que nenni, mais un mois sans nouvelles, certes oui ! Le mois qui vient de s'\u00e9couler a \u00e9t\u00e9 charg\u00e9, tr\u00e8s charg\u00e9 ! En fait, il a \u00e9t\u00e9 consacr\u00e9 \u00e0 achever la r\u00e9daction du jeu de r\u00f4le Les Chants de Loss qui va \u00eatre publi\u00e9 cette\u2026","rel":"","context":"Dans &quot;Illos noir &amp; blanc&quot;","block_context":{"text":"Illos noir &amp; blanc","link":"https:\/\/www.psychee.org\/blog\/category\/illustrations\/noir\/"},"img":{"alt_text":"","src":"https:\/\/i0.wp.com\/www.psychee.org\/blog\/wp-content\/uploads\/2017\/04\/livres1-2.3-1280.jpg?fit=1200%2C637&ssl=1&resize=350%2C200","width":350,"height":200,"srcset":"https:\/\/i0.wp.com\/www.psychee.org\/blog\/wp-content\/uploads\/2017\/04\/livres1-2.3-1280.jpg?fit=1200%2C637&ssl=1&resize=350%2C200 1x, https:\/\/i0.wp.com\/www.psychee.org\/blog\/wp-content\/uploads\/2017\/04\/livres1-2.3-1280.jpg?fit=1200%2C637&ssl=1&resize=525%2C300 1.5x, https:\/\/i0.wp.com\/www.psychee.org\/blog\/wp-content\/uploads\/2017\/04\/livres1-2.3-1280.jpg?fit=1200%2C637&ssl=1&resize=700%2C400 2x, https:\/\/i0.wp.com\/www.psychee.org\/blog\/wp-content\/uploads\/2017\/04\/livres1-2.3-1280.jpg?fit=1200%2C637&ssl=1&resize=1050%2C600 3x"},"classes":[]},{"id":5514,"url":"https:\/\/www.psychee.org\/blog\/le-grand-rush-de-dessins-pour-les-chants-de-loss-le-jeu-de-role\/","url_meta":{"origin":3401,"position":2},"title":"Le grand rush de dessins pour Les Chants de Loss, le jeu de r\u00f4le","author":"axelle Bouet","date":"26 janvier 2019","format":false,"excerpt":"A vrai dire, le rush en question n'est pas fini, mais j'arrive pratiquement au bout. Il ne me reste que deux illustrations \u00e0 faire sur les 32 pr\u00e9vus dans le planning. Ces 32 illustrations ne couvrent que les commandes sp\u00e9cifiquement faites pour illustrer les trois livrets du jeu de r\u00f4le.\u2026","rel":"","context":"Dans &quot;Illustrations&quot;","block_context":{"text":"Illustrations","link":"https:\/\/www.psychee.org\/blog\/category\/illustrations\/"},"img":{"alt_text":"","src":"https:\/\/i0.wp.com\/www.psychee.org\/blog\/wp-content\/uploads\/2019\/01\/armanth3.jpg?fit=1200%2C679&ssl=1&resize=350%2C200","width":350,"height":200,"srcset":"https:\/\/i0.wp.com\/www.psychee.org\/blog\/wp-content\/uploads\/2019\/01\/armanth3.jpg?fit=1200%2C679&ssl=1&resize=350%2C200 1x, https:\/\/i0.wp.com\/www.psychee.org\/blog\/wp-content\/uploads\/2019\/01\/armanth3.jpg?fit=1200%2C679&ssl=1&resize=525%2C300 1.5x, https:\/\/i0.wp.com\/www.psychee.org\/blog\/wp-content\/uploads\/2019\/01\/armanth3.jpg?fit=1200%2C679&ssl=1&resize=700%2C400 2x, https:\/\/i0.wp.com\/www.psychee.org\/blog\/wp-content\/uploads\/2019\/01\/armanth3.jpg?fit=1200%2C679&ssl=1&resize=1050%2C600 3x"},"classes":[]},{"id":3271,"url":"https:\/\/www.psychee.org\/blog\/boulot-boulot-boulot\/","url_meta":{"origin":3401,"position":3},"title":"Boulot, boulot, boulot !","author":"axelle Bouet","date":"15 mars 2016","format":false,"excerpt":"Et pour le plaisir des yeux, un de mes derniers noir&blanc, une illustration pour les Chants de Loss, mais en fait inspir\u00e9e d'une photo d'art qui m'a marqu\u00e9e. Je pensais en faire une bichromie et un fond couleurs, mais je vais devoir reporter cela, car j'ai peu de temps pour\u2026","rel":"","context":"Dans &quot;Illos noir &amp; blanc&quot;","block_context":{"text":"Illos noir &amp; blanc","link":"https:\/\/www.psychee.org\/blog\/category\/illustrations\/noir\/"},"img":{"alt_text":"","src":"https:\/\/i0.wp.com\/www.psychee.org\/blog\/wp-content\/uploads\/2016\/03\/flower-bandeau.jpg?fit=1100%2C680&ssl=1&resize=350%2C200","width":350,"height":200,"srcset":"https:\/\/i0.wp.com\/www.psychee.org\/blog\/wp-content\/uploads\/2016\/03\/flower-bandeau.jpg?fit=1100%2C680&ssl=1&resize=350%2C200 1x, https:\/\/i0.wp.com\/www.psychee.org\/blog\/wp-content\/uploads\/2016\/03\/flower-bandeau.jpg?fit=1100%2C680&ssl=1&resize=525%2C300 1.5x, https:\/\/i0.wp.com\/www.psychee.org\/blog\/wp-content\/uploads\/2016\/03\/flower-bandeau.jpg?fit=1100%2C680&ssl=1&resize=700%2C400 2x, https:\/\/i0.wp.com\/www.psychee.org\/blog\/wp-content\/uploads\/2016\/03\/flower-bandeau.jpg?fit=1100%2C680&ssl=1&resize=1050%2C600 3x"},"classes":[]},{"id":3636,"url":"https:\/\/www.psychee.org\/blog\/15-jours-de-dessins-et-des-illustrations-pour-loss\/","url_meta":{"origin":3401,"position":4},"title":"15 jours de dessins et des illustrations pour Loss","author":"axelle Bouet","date":"17 octobre 2016","format":false,"excerpt":"Depuis le d\u00e9but du mois, je suis tr\u00e8s occup\u00e9e entre la relecture et la correction du tome 2 des Chants de Loss, le travail de r\u00e9daction du jeu de r\u00f4le les Chants de Loss qui arrive inexorablement \u00e0 son terme, et les commandes de mes clients entre deux m\u00e9saventures idiotes\u2026","rel":"","context":"Dans &quot;Illos noir &amp; blanc&quot;","block_context":{"text":"Illos noir &amp; blanc","link":"https:\/\/www.psychee.org\/blog\/category\/illustrations\/noir\/"},"img":{"alt_text":"","src":"https:\/\/i0.wp.com\/www.psychee.org\/blog\/wp-content\/uploads\/2016\/10\/moon-bandeau.jpg?fit=1100%2C807&ssl=1&resize=350%2C200","width":350,"height":200,"srcset":"https:\/\/i0.wp.com\/www.psychee.org\/blog\/wp-content\/uploads\/2016\/10\/moon-bandeau.jpg?fit=1100%2C807&ssl=1&resize=350%2C200 1x, https:\/\/i0.wp.com\/www.psychee.org\/blog\/wp-content\/uploads\/2016\/10\/moon-bandeau.jpg?fit=1100%2C807&ssl=1&resize=525%2C300 1.5x, https:\/\/i0.wp.com\/www.psychee.org\/blog\/wp-content\/uploads\/2016\/10\/moon-bandeau.jpg?fit=1100%2C807&ssl=1&resize=700%2C400 2x, https:\/\/i0.wp.com\/www.psychee.org\/blog\/wp-content\/uploads\/2016\/10\/moon-bandeau.jpg?fit=1100%2C807&ssl=1&resize=1050%2C600 3x"},"classes":[]},{"id":3875,"url":"https:\/\/www.psychee.org\/blog\/princess-sword-woman\/","url_meta":{"origin":3401,"position":5},"title":"Princess Sword-Woman","author":"axelle Bouet","date":"7 f\u00e9vrier 2017","format":false,"excerpt":"Une illustration pour les Chants de Loss, le jeu de r\u00f4le : une des l\u00e9gendes de Loss. Je dois beaucoup \u00e0 Pierre le Pivain pour la r\u00e9ussite de la couleur, gr\u00e2ce \u00e0 ses conseils. Et oui, \u00e7a bosse, mais je suis un peu surcharg\u00e9 en ce moment, c'est pour cela\u2026","rel":"","context":"Dans &quot;Illos noir &amp; blanc&quot;","block_context":{"text":"Illos noir &amp; blanc","link":"https:\/\/www.psychee.org\/blog\/category\/illustrations\/noir\/"},"img":{"alt_text":"","src":"https:\/\/i0.wp.com\/www.psychee.org\/blog\/wp-content\/uploads\/2017\/02\/princesse-guerriere-final.jpg?fit=849%2C1200&ssl=1&resize=350%2C200","width":350,"height":200,"srcset":"https:\/\/i0.wp.com\/www.psychee.org\/blog\/wp-content\/uploads\/2017\/02\/princesse-guerriere-final.jpg?fit=849%2C1200&ssl=1&resize=350%2C200 1x, https:\/\/i0.wp.com\/www.psychee.org\/blog\/wp-content\/uploads\/2017\/02\/princesse-guerriere-final.jpg?fit=849%2C1200&ssl=1&resize=525%2C300 1.5x, https:\/\/i0.wp.com\/www.psychee.org\/blog\/wp-content\/uploads\/2017\/02\/princesse-guerriere-final.jpg?fit=849%2C1200&ssl=1&resize=700%2C400 2x"},"classes":[]}],"jetpack_likes_enabled":true,"_links":{"self":[{"href":"https:\/\/www.psychee.org\/blog\/wp-json\/wp\/v2\/posts\/3401","targetHints":{"allow":["GET"]}}],"collection":[{"href":"https:\/\/www.psychee.org\/blog\/wp-json\/wp\/v2\/posts"}],"about":[{"href":"https:\/\/www.psychee.org\/blog\/wp-json\/wp\/v2\/types\/post"}],"author":[{"embeddable":true,"href":"https:\/\/www.psychee.org\/blog\/wp-json\/wp\/v2\/users\/52"}],"replies":[{"embeddable":true,"href":"https:\/\/www.psychee.org\/blog\/wp-json\/wp\/v2\/comments?post=3401"}],"version-history":[{"count":3,"href":"https:\/\/www.psychee.org\/blog\/wp-json\/wp\/v2\/posts\/3401\/revisions"}],"predecessor-version":[{"id":3409,"href":"https:\/\/www.psychee.org\/blog\/wp-json\/wp\/v2\/posts\/3401\/revisions\/3409"}],"wp:featuredmedia":[{"embeddable":true,"href":"https:\/\/www.psychee.org\/blog\/wp-json\/wp\/v2\/media\/3406"}],"wp:attachment":[{"href":"https:\/\/www.psychee.org\/blog\/wp-json\/wp\/v2\/media?parent=3401"}],"wp:term":[{"taxonomy":"category","embeddable":true,"href":"https:\/\/www.psychee.org\/blog\/wp-json\/wp\/v2\/categories?post=3401"},{"taxonomy":"post_tag","embeddable":true,"href":"https:\/\/www.psychee.org\/blog\/wp-json\/wp\/v2\/tags?post=3401"}],"curies":[{"name":"wp","href":"https:\/\/api.w.org\/{rel}","templated":true}]}}