{"id":3657,"date":"2016-11-01T02:37:31","date_gmt":"2016-11-01T00:37:31","guid":{"rendered":"http:\/\/www.psychee.org\/blog\/?p=3657"},"modified":"2022-03-08T12:36:45","modified_gmt":"2022-03-08T10:36:45","slug":"le-feminisme-by-psychee-en-quelques-mots","status":"publish","type":"post","link":"https:\/\/www.psychee.org\/blog\/le-feminisme-by-psychee-en-quelques-mots\/","title":{"rendered":"Le f\u00e9minisme, by Psych\u00e9e, en quelques mots"},"content":{"rendered":"<p style=\"text-align: justify;\">Je suis f\u00e9ministe. Et l\u00e0, je viens d\u2019enfoncer une porte ouverte.<\/p>\n<p style=\"text-align: justify;\">Mais si je le dis, c\u2019est pour aller au-del\u00e0 d\u2019un mot dans lequel on fourre tout et son contraire avec une rigueur dans la r\u00e9gularit\u00e9 de l\u2019ignorance qui force presque le respect. Je veux dire par l\u00e0 que j\u2019ai vu coller aussi bien comme f\u00e9ministes les mouvements pro-droit de vote des femmes, que les MLF, les Chiennes de Garde, les gynarchistes, les mouvements r\u00e9actionnaires et religieux modernes, les courants racistes et \u00e0 peu pr\u00e8s autant de variantes que de partis politiques\u00a0; arr\u00eatez, j\u2019ai mal \u00e0 la t\u00eate.<\/p>\n<p style=\"text-align: justify;\">Je suis f\u00e9ministe est une expression qui devrait, pour ma part, ne rien vouloir dire dans un monde id\u00e9al\u00a0: <strong><em>un monde qui aurait atteint <\/em><\/strong><strong><em>l&rsquo;\u00e9galit\u00e9 politique, \u00e9conomique, culturelle, personnelle, sociale et juridique entre les femmes et les hommes. <\/em><\/strong>C\u2019est la d\u00e9finition la plus encyclop\u00e9dique du terme, la plus g\u00e9n\u00e9rique et la plus consensuelle. La plus claire aussi.<\/p>\n<p style=\"text-align: justify;\">On en est tr\u00e8s loin. Je ne suis donc pas f\u00e9ministe\u00a0; je suis militante f\u00e9ministe. Je bataille, d\u00e9nonce, \u00e9duque, informe, alerte dans le but d\u2019atteindre \u00e0 cette \u00e9galit\u00e9, que je souhaite pour tous les \u00eatres. <strong><em>L\u2019\u00e9galit\u00e9<\/em><\/strong> <strong><em>politique, \u00e9conomique, culturelle, personnelle, sociale et juridique devrait \u00eatre une \u00e9vidence acquise pour tous les \u00eatres humains, quel que soit leur naissance, leur origine, leur genre et leur sexualit\u00e9.<\/em><\/strong><\/p>\n<p style=\"text-align: justify;\">Compris\u00a0?<\/p>\n<p style=\"text-align: justify;\">Oui\u00a0?<\/p>\n<p style=\"text-align: justify;\">Ouais, ben non.<\/p>\n<p style=\"text-align: justify;\">En 1949, <a href=\"https:\/\/fr.wikipedia.org\/wiki\/Simone_de_Beauvoir\" target=\"_blank\" rel=\"noopener\">Simone de Beauvoir<\/a> \u00e9crivait<a href=\"https:\/\/fr.wikipedia.org\/wiki\/Le_Deuxi%C3%A8me_Sexe\" target=\"_blank\" rel=\"noopener\"> Le Deuxi\u00e8me Sexe, essai en deux tomes,<\/a> un br\u00fblot qui mis le feu \u00e0 la soci\u00e9t\u00e9 europ\u00e9enne et am\u00e9ricaine en moins d\u2019un an, et fut m\u00eame mis \u00e0 l\u2019index par le Vatican. Que contenait ce livre ? La description d\u2019une soci\u00e9t\u00e9 machiste, sexiste et patriarcale maintenant la femme en posture d\u2019inf\u00e9riorit\u00e9, analys\u00e9 \u00e0 travers l\u2019histoire r\u00e9p\u00e9t\u00e9e des civilisations ; il expliquait surtout, inspir\u00e9 par la <a href=\"https:\/\/www.philomag.com\/lexique\/existentialisme\" target=\"_blank\" rel=\"noopener\">philosophie existentialiste<\/a> de son autrice, qu\u2019il n\u2019y a pas de d\u00e9terminisme et que c\u2019est la soci\u00e9t\u00e9 qui conditionne la place de la femme, non sa nature. Ce livre est devenue la bible des mouvements f\u00e9ministes des ann\u00e9es 60 et jusqu\u2019aux ann\u00e9es 80. Simone de Beauvoir a enfonc\u00e9 une porte blind\u00e9e et l\u2019a d\u00e9molie pour laisser passer tous les courants et toutes les aspirations f\u00e9ministes \u00e0 cette \u00e9galit\u00e9 dont je parle plus haut. Et puis elle s\u2019est \u00e9teinte en 1986. Le mouvement, lui, a tenu bon.<\/p>\n<p style=\"text-align: justify;\">Enfin, c\u2019est ce qu\u2019on croit, en 2016. La plus importante citation de cette grande f\u00e9ministe, que son p\u00e8re d\u00e9crivait en disant\u00a0: <em>\u00ab\u00a0ma fille a un cerveau d\u2019homme\u00a0\u00bb,<\/em> est celle-ci\u00a0: <strong><em>\u00ab\u00a0N&rsquo;oubliez jamais qu&rsquo;il suffira d&rsquo;une crise politique, \u00e9conomique ou religieuse pour que les droits des femmes soient remis en question. Ces droits ne sont jamais acquis. Vous devrez rester vigilantes votre vie durant.\u00a0\u00bb <\/em><\/strong>Depuis quelques ann\u00e9es on est en plein dedans. Et depuis quelques ann\u00e9es, jamais plus fort ne s\u2019est fait entendre cette sentence merdique comme une n\u00e9gation de l\u2019intelligence\u00a0: <em>\u00ab\u00a0mais y\u2019en a marre du f\u00e9minisme, y\u2019a des choses plus graves dans le monde.\u00a0\u00bb<\/em><\/p>\n<p style=\"text-align: justify;\">Simone de Beauvoir doit tellement se retourner dans sa tombe en ce moment qu\u2019en y mettant une dynamo, on devrait pouvoir \u00e9clairer tout Paris. Ho, soyons clairs, le refus de l\u2019intelligence ne frappe pas que ce sujet\u00a0! La caract\u00e9ristique \u00e9trange d\u2019Internet est de diffuser la b\u00eatise incommensurablement plus vite qu\u2019il n\u2019y diffuse de l\u2019intelligence. En ce moment, la pens\u00e9e raisonn\u00e9e, la r\u00e9flexion pos\u00e9e, les principes les plus \u00e9l\u00e9mentaires de la philosophie et de l\u2019esprit \u00e9clair\u00e9, tout le monde s\u2019en tape le fion. Pour la citer encore, Simone de Beauvoir r\u00e9sumait dans les ann\u00e9es 60\u00a0: <strong><em>\u00ab\u00a0Le principal fl\u00e9au de l&rsquo;humanit\u00e9 n&rsquo;est pas l&rsquo;ignorance, mais le refus de savoir.\u00a0\u00bb. <\/em><\/strong>Internet devait \u00eatre un formidable outil culturel. Il est une machine \u00e0 se dispenser de penser.<\/p>\n<p style=\"text-align: justify;\">L\u2019\u00e9galit\u00e9 des droits, des devoirs et du respect pour les femmes est une lutte pour l\u2019\u00e9galit\u00e9 de tous les \u00eatres. Mon combat personnel pour le faire progresser englobe la lutte pour les droits des minorit\u00e9s, des peuples de toutes les couleurs, de tous les genres et de toutes les sexualit\u00e9s. Je ne peux pas \u00eatre selon moi f\u00e9ministe et me d\u00e9clarer raciste ou admettre sans me coller la pire des hontes de faux-cul \u00eatre homophobe. C\u2019est un tout. C\u2019est un concept g\u00e9n\u00e9ral englobant une seule pens\u00e9e\u00a0: le progr\u00e8s du droit et du respect d\u00e9volu \u00e0 tous les \u00eatres humains. Et cette lutte pour ces droits file une trouille bleue \u00e0 ceux qui ont besoin de se sentir avoir un pouvoir, \u00eatre sup\u00e9rieurs\u00a0: <em><strong>\u00ab\u00a0Personne n&rsquo;est plus arrogant envers les femmes, plus agressif ou m\u00e9prisant, qu&rsquo;un homme inquiet pour sa virilit\u00e9.\u00a0\u00bb<\/strong> <\/em>Mais cela fonctionne aussi pour les racistes, les homophobes, les r\u00e9actionnaires de tous bords. Cela fonctionne pour tous ces groupes humains domin\u00e9s par des hommes, et ce m\u00eame si la b\u00eatise s\u2019\u00e9tend aussi \u00e0 des repr\u00e9sentants f\u00e9minins se vautrant avec d\u00e9lectation dans l\u2019id\u00e9e d\u2019un groupe humain qui asservirait tous les autres. Mais pas elles\u2026 jamais, elles\u2026 elles n\u2019y pensent pas, puisqu\u2019elles sont du c\u00f4t\u00e9 du pouvoir\u00a0; elles n\u2019ont rien \u00e0 craindre, sans jamais r\u00e9aliser que si un jour ce pouvoir redevient dominant, elles retourneront \u00e0 la cuisine et au linge comme toute femme soumise qui se respecte.<\/p>\n<p style=\"text-align: justify;\">Rien n\u2019est acquis et la r\u00e9alit\u00e9 quotidienne le rappelle abondamment. L\u2019esclavage sexuel a bondi de 20% en trois ans dans le monde, les in\u00e9galit\u00e9s salariales entre hommes et femmes ont recommenc\u00e9s \u00e0 se creuser depuis 2008, le nombre d\u2019agressions sexuelles et de viols sur les femmes a connu des pics brutaux de 4 \u00e0 8% depuis ces 5 derni\u00e8res ann\u00e9es partout dans le monde, le f\u00e9minicide est devenu end\u00e9mique dans des r\u00e9gions enti\u00e8res du monde, le fait d\u2019\u00eatre enceinte et accoucher est devenu une raison de trouver toutes les excuses pour renvoyer une salari\u00e9e de son poste, la parit\u00e9 dans le monde patronale ou politique reste dans la plupart des pays une vaste blague, les mouvements religieux et r\u00e9actionnaires font feu de tout bois contre le planning familial, la contraception, l\u2019avortement, les relations libres et le mariage pour tous. Et la liste n\u2019est pas exhaustive\u00a0!<\/p>\n<p style=\"text-align: justify;\">Et vous en avez marre d\u2019entendre les f\u00e9ministes\u00a0? Mais vous devriez comprendre pourquoi elles se battent en ce moment avec tant de v\u00e9h\u00e9mence, non\u00a0?<\/p>\n<p style=\"text-align: justify;\">Cependant, vous avez raison, d\u2019en avoir parfois marre. Mais vous vous trompez de col\u00e8re. Car les plus bruyants de ces mouvements ne sont pas f\u00e9ministes. Et je les subis moi-m\u00eame, ces groupes pr\u00e9tendus f\u00e9ministes voulant dicter ce qu\u2019une femme (et un homme\u00a0!) doit montrer d\u2019elle ou pas, ce qu\u2019elle doit porter ou pas, ce qu\u2019elle doit dire ou pas, ce qu\u2019elle a le droit de faire ou pas. Ce ne sont pas des f\u00e9ministes. Ils ne luttent pas pour une \u00e9galit\u00e9 et des droits \u00e9gaux pour tous les \u00eatres. Ils luttent pour imposer une vision ferm\u00e9e et restrictive. Le mouvement f\u00e9ministe est \u00e9minemment inclusif. Il est ouvert et permet, il ne doit pas interdire et limiter. Depuis quand le f\u00e9ministe et l\u2019\u00e9rotisme ne peuvent aller de pair\u00a0? Depuis quand \u00eatre un mannequin, une actrice, un mod\u00e8le photo amateur d\u00e9nud\u00e9 est-il anti-f\u00e9ministe\u00a0? Parce que cela d\u00e9grade l\u2019image du corps de la femme, pr\u00e9tendront ces mouvements\u00a0? Hey, les arri\u00e9r\u00e9s, c\u2019est son corps, \u00e0 la femme, c\u2019est sa libert\u00e9 d\u2019en faire ce qu\u2019elle veut si on ne l\u2019y contraint pas\u00a0! C\u2019est tout aussi d\u00e9bile et avilissant que les mouvements culturels et publicitaires qui formatent des images fig\u00e9es, id\u00e9alis\u00e9es et totalement fantasm\u00e9es de la femme. Ces individus et ces mouvements jugent et condamnent hors de tout contexte, hors du concept m\u00eame que, dans la libert\u00e9 \u00e0 chacun d\u2019\u00eatre, il y a celles des femmes de pouvoir s\u2019afficher quand elles le veulent et comme elles le veulent.<\/p>\n<p style=\"text-align: justify;\">Je suis militante f\u00e9ministe parce que pour ne pas avoir peur de sortir dans la rue, je dois veiller \u00e0 ce que je vais porter et o\u00f9 aller, comme la plupart des femmes. Je suis militante f\u00e9ministe parce qu\u2019on m\u2019a d\u00e9j\u00e0 trop souvent propos\u00e9 de me payer moins cher que le m\u00eame taff effectu\u00e9 par un mec. Je suis militante f\u00e9ministe parce que j\u2019ai \u00e9t\u00e9 harcel\u00e9e sur ma nature de femme, harcel\u00e9e sexuellement, agress\u00e9e sexuellement, viol\u00e9e. Je suis militante f\u00e9ministe parce que chaque personne que je convaincs de la logique m\u00eame de ce combat qui finalement concerne tous les \u00eatres humains, et pas juste les femmes, est une personne de moins qui fera \u00e0 d\u2019autres ce que j\u2019ai subi.<\/p>\n<p style=\"text-align: justify;\">Pour achever cette histoire d\u2019une lutte f\u00e9ministe qui est en train de rendre les armes de l\u2019int\u00e9rieur et sans le savoir, pass\u00e9 les ann\u00e9es 2000 un revirement eut lieu en occident, men\u00e9 par une r\u00e9interpr\u00e9tation des courants f\u00e9ministes radicales diff\u00e9rencialistes et anarcho-f\u00e9ministes des ann\u00e9es 70 et 80. Plut\u00f4t que de penser, th\u00e9oriser, \u00e9duquer et transmettre, de cette r\u00e9interpr\u00e9tation ignarde naquit l\u2019id\u00e9e qu\u2019il fallait imposer une norme f\u00e9ministe. C&rsquo;est-\u00e0-dire d\u00e9noncer et tenter de faire interdire tout ce qui pouvait, selon leurs crit\u00e8res, \u00eatre antif\u00e9ministe. Tu te maquilles, tu aimes les jupes et les bas\u00a0? Tu es sous le joug de l\u2019autorit\u00e9 machiste. Tu aimes le rose et les dessous de dentelle\u00a0? Tu te prostitue \u00e0 la cause patriarcale. Tu t\u2019\u00e9pile et tu te parfume\u00a0? Tu sers la cause de la domination des hommes violeurs. Tu aimes la galanterie masculine et respecte leur virilit\u00e9\u00a0? Tu es leur esclave\u00a0! Je ne vous dis m\u00eame pas alors dessiner des personnages f\u00e9minins \u00e9rotiques et aimer l\u2019\u00e9rotisme dans l\u2019art, la litt\u00e9rature et l\u2019image\u00a0! Ce mouvement est devenu la r\u00e9f\u00e9rence, aussi bien pour ceux qui confondent asservissement \u00e0 des normes et lib\u00e9ration de la femme, que pour ceux qui d\u00e9noncent le f\u00e9minisme. Cette id\u00e9e minoritaire, stupide, qui n\u2019a rien \u00e0 voir avec la lutte f\u00e9ministe, sauf \u00e0 la marge, est devenu le plus m\u00e9diatis\u00e9, le plus bruyant, le plus connu. Il est devenu la r\u00e9f\u00e9rence car il impose et donne des normes. Il n\u2019explique rien, il n\u2019\u00e9duque pas, il ne propose pas d\u2019\u00e9volutions et de solutions\u00a0: \u00a0il d\u00e9nonce, il impose, il juge et hurle \u00e0 coup de slogans et d\u2019injures. Il ressemble exactement \u00e0 ce qui fonctionne le mieux sur Internet pour qui pr\u00e9f\u00e8re brader sa capacit\u00e9 de penser que tenter de sauver un peu de r\u00e9flexion de fond\u00a0: le bruit.<\/p>\n<p style=\"text-align: justify;\">C\u2019est alors ce combat pour imposer d\u2019autres carcans au femmes, au total contraire de la lutte pour la libert\u00e9 que conf\u00e8re l\u2019\u00e9galit\u00e9 en toutes choses entre hommes et femme, qui est devenu la r\u00e9f\u00e9rence honnie ou l\u00e9gitime \u2013l\u2019admettre me fait tellement mal au cul que je hululerai bien d\u2019ici \u00e0 Gen\u00e8ve- de ce que beaucoup de gens, avec une r\u00e9gularit\u00e9 de m\u00e9tronome dans la r\u00e9p\u00e9tition de l\u2019erreur, appellent le \u00ab\u00a0f\u00e9minisme\u00a0\u00bb.<\/p>\n<p style=\"text-align: justify;\">Ce n\u2019en est pas. Ce n\u2019est qu\u2019une autre forme de tyrannie sur les corps, les esprits, les choix et les d\u00e9sirs des femmes. C\u2019est de la pudibonderie r\u00e9actionnaire cach\u00e9e sous un autre mot. Les groupement religieux et d\u2019extr\u00eame-droit ne s\u2019y sont pas tromp\u00e9s. Reprenant ces th\u00e8ses pourtant d\u2019origine de mouvement tr\u00e8s \u00e0 gauche, ils les font leur quand il s\u2019agit de trouver un combat f\u00e9ministe d\u00e9bile leur assurant un bon audimat. Et l\u2019id\u00e9e, le concept, la lutte, la d\u00e9finition \u00e9crite en 1949 par Simone de Beauvoir, h\u00e9riti\u00e8re des luttes f\u00e9ministes de toute la premi\u00e8re moiti\u00e9 du 20<sup>\u00e8me<\/sup> si\u00e8cle et avant, se noie dans un salmigondis de slogans et de r\u00e8gles qui, en fait, ne servent qu\u2019une seule chose\u00a0: la p\u00e9rennit\u00e9 d\u2019une soci\u00e9t\u00e9 patriarcale d\u00e9cidant des normes et de la place de la femme. Cet antif\u00e9ministe qui se dit f\u00e9ministe ne sert qu\u2019\u00e0 fournir du grain \u00e0 moudre \u00e0 tous les plus salopards des partisans d\u2019un retour au sexisme et \u00e0 la n\u00e9gation des droits et libert\u00e9 de la femme dans le but de fonder une soci\u00e9t\u00e9 o\u00f9 tous les \u00eatres seraient libres et \u00e9gaux. Ce mouvement qui impose tant d\u2019interdit ne fait que nourrir le conflit hommes-femmes en donnant l\u2019illusion que les secondes veulent prendre le pouvoir sur les premiers et tuer l\u2019essence de ce qui fait un m\u00e2le, quand justement le f\u00e9minisme ne demande qu\u2019\u00e9galit\u00e9 et respect de chacun. Ces pseudo-f\u00e9ministes se trompent de combat, ils d\u00e9voient leur cause en croyant y apporter quelque chose qui n\u2019est que la n\u00e9gation de cette cause. Et en tuent la raison d\u2019\u00eatre.<\/p>\n<p style=\"text-align: justify;\">Parmi toutes les raisons que ces pseudo-f\u00e9ministes, qui n\u2019en ont que la couleur, ont de me mettre \u00e0 l\u2019index et me juger, je suis pratiquante et amatrices des activit\u00e9s sado-masochistes (BDSM), une paraphilie sexuelle dont la r\u00e8gle d\u2019or est la consensualit\u00e9 et le respect. Bien s\u00fbr que d\u2019une part y\u2019a des d\u00e9rives merdiques. Forc\u00e9ment, y\u2019a du cul et tous les d\u00e9rapages dont les hommes (et les femmes) sont capables d\u00e8s qu\u2019on cause de sexe. Bien s\u00fbr que d\u2019autres part il y a des activit\u00e9s humiliantes, voire d\u00e9gradantes dans ces jeux \u00e9rotiques un peu pervers. Mais il y aussi une r\u00e8gle d\u2019or\u00a0: rien ne doit \u00eatre impos\u00e9, rien n\u2019est accept\u00e9 sans un consentement complet et \u00e9clair\u00e9 et rien ne se fait sans une confiance mutuelle compl\u00e8te. Et bien s\u00fbr, rien ne se passe forc\u00e9ment tout le temps comme on veut. Mais il y a le \u00ab\u00a0non\u00a0\u00bb qui arr\u00eate tout. C\u2019est uniquement dans l\u2019image fantasm\u00e9e de ces pseudo-f\u00e9ministes qui sont en fait des pudibond coinc\u00e9s \u00e0 l\u2019esprit aussi ouvert qu\u2019un r\u00e9ac sortant de la messe dominicale, que ces activit\u00e9s ne peuvent aller de pair avec une philosophie, une lutte et un militantisme f\u00e9ministe.<\/p>\n<p style=\"text-align: justify;\">Oui, je dessine des nus \u00e9rotiques, dont certains sulfureux\u00a0! Non, je ne le fais m\u00eame pas pour des raisons commerciales pour assouvir les bas instincts d\u2019une client\u00e8le post-adolescente. Je le fais parce que j\u2019aime cela, d\u2019une part, je le fais aussi parce que d\u2019autre part j\u2019illustre des contextes et des r\u00e9cits durs et cruels, en lien avec mon roman, qui parle de sexisme, de patriarcat, de soci\u00e9t\u00e9 in\u00e9galitaire et esclavagiste. Je le fais pour montrer des r\u00e9alit\u00e9s, et je le fais aussi en cr\u00e9ant de la beaut\u00e9 illustr\u00e9e, aussi sulfureuse et d\u00e9rangeante soit-elle. Si vous \u00eates interpell\u00e9s, c\u2019est que j\u2019ai r\u00e9ussi mon taff. Si vous me jugez sexiste et masculiniste \u2013oui, j\u2019y a eu droit- c\u2019est que vous \u00eates con comme un balai sans manche. C\u2019est votre droit le plus fondamental\u00a0! Mon droit \u00e0 moi, c\u2019est de vous r\u00e9pondre \u2013 et de vous envoyer p\u00e9ter.<\/p>\n<p style=\"text-align: justify;\">Je suis f\u00e9ministe, je mourrai f\u00e9ministe et la lutte ne sera jamais finie. Vous n\u2019avez donc pas fini d\u2019en entendre parler, et je le regrette. Car j\u2019aimerai un monde o\u00f9 tout ce que je viens d\u2019\u00e9crire est derri\u00e8re moi, et o\u00f9 tous les \u00eatres enfin, vivent libres d\u2019\u00eatre ce qu\u2019ils sont et veulent \u00eatre sans craindre d\u2019\u00eatre agress\u00e9s ou tu\u00e9s pour cela, trait\u00e9s en \u00e9gaux, en respect et en droits.<\/p>\n<p style=\"text-align: justify;\">PS\u00a0: et le premier qui emploie le mot \u00ab\u00a0<em>fragile\u00a0\u00bb<\/em> pour d\u00e9crire une nana, que ce soit moi ou une autre, gagne un ticket pour se faire tanner la tronche \u00e0 coup d&rsquo;escarpins ou de baskets, \u00e7a d\u00e9pendra de ce que je porte. Je lui montrerais la fragilit\u00e9 de sa boite cr\u00e2nienne.<\/p>\n","protected":false},"excerpt":{"rendered":"<p>Je suis f\u00e9ministe. Et l\u00e0, je viens d\u2019enfoncer une porte ouverte. Mais si je le dis, c\u2019est pour aller au-del\u00e0<\/p>\n","protected":false},"author":52,"featured_media":2530,"comment_status":"open","ping_status":"open","sticky":false,"template":"","format":"standard","meta":{"colormag_page_container_layout":"default_layout","colormag_page_sidebar_layout":"default_layout","jetpack_post_was_ever_published":false,"_jetpack_newsletter_access":"","_jetpack_dont_email_post_to_subs":true,"_jetpack_newsletter_tier_id":0,"_jetpack_memberships_contains_paywalled_content":false,"_jetpack_memberships_contains_paid_content":false,"footnotes":"","jetpack_publicize_message":"","jetpack_publicize_feature_enabled":true,"jetpack_social_post_already_shared":true,"jetpack_social_options":{"image_generator_settings":{"template":"highway","default_image_id":0,"font":"","enabled":false},"version":2}},"categories":[40,11],"tags":[133,271,242,510,407,119],"class_list":["post-3657","post","type-post","status-publish","format-standard","has-post-thumbnail","hentry","category-humeur","category-blog","tag-axelle","tag-bdsm","tag-bouet","tag-feminisme","tag-humeur","tag-psychee"],"jetpack_publicize_connections":[],"jetpack_featured_media_url":"https:\/\/i0.wp.com\/www.psychee.org\/blog\/wp-content\/uploads\/2015\/04\/IMG_1979.jpg?fit=1100%2C733&ssl=1","jetpack_sharing_enabled":true,"jetpack_shortlink":"https:\/\/wp.me\/p2iISD-WZ","jetpack-related-posts":[{"id":3906,"url":"https:\/\/www.psychee.org\/blog\/voila-pourquoi-je-celebre-le-8-mars-chaque-annee\/","url_meta":{"origin":3657,"position":0},"title":"Voil\u00e0 pourquoi je c\u00e9l\u00e8bre le 8 Mars chaque ann\u00e9e.","author":"axelle Bouet","date":"8 mars 2017","format":false,"excerpt":"Le 8 Mars est la journ\u00e9e Internationale des Droits des Femmes. Comme il y a la journ\u00e9e des Droits des Enfants, de la Lutte contre le Cancer ou encore la Journ\u00e9e de la Terre. Parce qu\u2019on est bien forc\u00e9 de choisir des dates pour rappeler souvent des \u00e9vidences qui ne\u2026","rel":"","context":"Dans &quot;Humeur&quot;","block_context":{"text":"Humeur","link":"https:\/\/www.psychee.org\/blog\/category\/non-classe\/humeur\/"},"img":{"alt_text":"","src":"https:\/\/i0.wp.com\/www.psychee.org\/blog\/wp-content\/uploads\/2017\/03\/665d85ef7a0458fc63462f0a7969de69.jpg?fit=1038%2C576&ssl=1&resize=350%2C200","width":350,"height":200,"srcset":"https:\/\/i0.wp.com\/www.psychee.org\/blog\/wp-content\/uploads\/2017\/03\/665d85ef7a0458fc63462f0a7969de69.jpg?fit=1038%2C576&ssl=1&resize=350%2C200 1x, https:\/\/i0.wp.com\/www.psychee.org\/blog\/wp-content\/uploads\/2017\/03\/665d85ef7a0458fc63462f0a7969de69.jpg?fit=1038%2C576&ssl=1&resize=525%2C300 1.5x, https:\/\/i0.wp.com\/www.psychee.org\/blog\/wp-content\/uploads\/2017\/03\/665d85ef7a0458fc63462f0a7969de69.jpg?fit=1038%2C576&ssl=1&resize=700%2C400 2x"},"classes":[]},{"id":3834,"url":"https:\/\/www.psychee.org\/blog\/sexisme-morale-rolistes-et-veritable-parite-feministe\/","url_meta":{"origin":3657,"position":1},"title":"Sexisme, morale, r\u00f4listes et v\u00e9ritable parit\u00e9 f\u00e9ministe","author":"axelle Bouet","date":"23 d\u00e9cembre 2016","format":false,"excerpt":"J\u2019avoue, cet article aurait sa place sur le site internet du jeu de r\u00f4le les Chants de Loss, mais comme on va aborder des sujets pol\u00e9miques, je vais le poster sur mon blog personnel, et simplement le partager. Honn\u00eatement, ce que je vais raconter n\u2019est pas nouveau et soit vous\u2026","rel":"","context":"Dans &quot;Humeur&quot;","block_context":{"text":"Humeur","link":"https:\/\/www.psychee.org\/blog\/category\/non-classe\/humeur\/"},"img":{"alt_text":"","src":"https:\/\/i0.wp.com\/www.psychee.org\/blog\/wp-content\/uploads\/2016\/01\/pleasure-slave-1100.jpg?fit=848%2C1200&ssl=1&resize=350%2C200","width":350,"height":200,"srcset":"https:\/\/i0.wp.com\/www.psychee.org\/blog\/wp-content\/uploads\/2016\/01\/pleasure-slave-1100.jpg?fit=848%2C1200&ssl=1&resize=350%2C200 1x, https:\/\/i0.wp.com\/www.psychee.org\/blog\/wp-content\/uploads\/2016\/01\/pleasure-slave-1100.jpg?fit=848%2C1200&ssl=1&resize=525%2C300 1.5x, https:\/\/i0.wp.com\/www.psychee.org\/blog\/wp-content\/uploads\/2016\/01\/pleasure-slave-1100.jpg?fit=848%2C1200&ssl=1&resize=700%2C400 2x"},"classes":[]},{"id":3986,"url":"https:\/\/www.psychee.org\/blog\/journee-mondiale-contre-lhomophobie-la-transphobie\/","url_meta":{"origin":3657,"position":2},"title":"Journ\u00e9e mondiale contre l&rsquo;homophobie &#038; la transphobie","author":"axelle Bouet","date":"17 mai 2017","format":false,"excerpt":"Une journ\u00e9e pour s\u2019en souvenir et en parler. Une journ\u00e9e pour d\u00e9cider d\u2019agir ou de laisser mourir. Une journ\u00e9e pour \u00eatre humain ou n\u2019en avoir rien \u00e0 foutre de cette partie de l\u2019humanit\u00e9. Et pour vous qui lisez ces lignes\u00a0: je suis lesbienne, je suis transsexuelle. Mais surtout, je suis\u2026","rel":"","context":"Dans &quot;Erdorin, le manga&quot;","block_context":{"text":"Erdorin, le manga","link":"https:\/\/www.psychee.org\/blog\/category\/illustrations\/planches\/"},"img":{"alt_text":"","src":"https:\/\/i0.wp.com\/www.psychee.org\/blog\/wp-content\/uploads\/2017\/05\/danse36.jpg?fit=1200%2C675&ssl=1&resize=350%2C200","width":350,"height":200,"srcset":"https:\/\/i0.wp.com\/www.psychee.org\/blog\/wp-content\/uploads\/2017\/05\/danse36.jpg?fit=1200%2C675&ssl=1&resize=350%2C200 1x, https:\/\/i0.wp.com\/www.psychee.org\/blog\/wp-content\/uploads\/2017\/05\/danse36.jpg?fit=1200%2C675&ssl=1&resize=525%2C300 1.5x, https:\/\/i0.wp.com\/www.psychee.org\/blog\/wp-content\/uploads\/2017\/05\/danse36.jpg?fit=1200%2C675&ssl=1&resize=700%2C400 2x, https:\/\/i0.wp.com\/www.psychee.org\/blog\/wp-content\/uploads\/2017\/05\/danse36.jpg?fit=1200%2C675&ssl=1&resize=1050%2C600 3x"},"classes":[]},{"id":3447,"url":"https:\/\/www.psychee.org\/blog\/lamour-est-plus-fort-que-la-haine-mais-lui-ne-tue-pas\/","url_meta":{"origin":3657,"position":3},"title":"L&rsquo;amour est plus fort que la haine. Mais lui ne tue pas.","author":"axelle Bouet","date":"13 juin 2016","format":false,"excerpt":"Je suis transsexuelle. Je suis lesbienne. Je suis aussi une femme, une f\u00e9ministe, une geekette et un \u00eatre humain, tout bonnement. La liste de ces classifications pourrait se prolonger encore. Mais l\u00e0 n'est pas le but. Pour ceux des termes qui me d\u00e9crivent, il y en a deux qui sont\u2026","rel":"","context":"Dans &quot;Humeur&quot;","block_context":{"text":"Humeur","link":"https:\/\/www.psychee.org\/blog\/category\/non-classe\/humeur\/"},"img":{"alt_text":"","src":"https:\/\/i0.wp.com\/www.psychee.org\/blog\/wp-content\/uploads\/2016\/06\/kiss-1100.jpg?fit=1100%2C778&ssl=1&resize=350%2C200","width":350,"height":200,"srcset":"https:\/\/i0.wp.com\/www.psychee.org\/blog\/wp-content\/uploads\/2016\/06\/kiss-1100.jpg?fit=1100%2C778&ssl=1&resize=350%2C200 1x, https:\/\/i0.wp.com\/www.psychee.org\/blog\/wp-content\/uploads\/2016\/06\/kiss-1100.jpg?fit=1100%2C778&ssl=1&resize=525%2C300 1.5x, https:\/\/i0.wp.com\/www.psychee.org\/blog\/wp-content\/uploads\/2016\/06\/kiss-1100.jpg?fit=1100%2C778&ssl=1&resize=700%2C400 2x, https:\/\/i0.wp.com\/www.psychee.org\/blog\/wp-content\/uploads\/2016\/06\/kiss-1100.jpg?fit=1100%2C778&ssl=1&resize=1050%2C600 3x"},"classes":[]},{"id":6175,"url":"https:\/\/www.psychee.org\/blog\/je-vais-causer-a-rolevent\/","url_meta":{"origin":3657,"position":4},"title":"Je vais causer \u00e0 Rol&rsquo;event","author":"axelle Bouet","date":"14 d\u00e9cembre 2020","format":false,"excerpt":"Donc, Samedi prochain, dans 5 jours, le 19 D\u00e9cembre, je participe \u00e0 une convention caritative en ligne qui s\u2019appelle Rol\u2019event et dont vous avez s\u00fbrement entendu parler en tant que r\u00f4liste si vous \u00eates sorti de votre caverne ces derni\u00e8res semaines. J\u2019aurais eu du mal \u00e0 \u00e9chapper \u00e0 cet \u00e9v\u00e9nement\u00a0;\u2026","rel":"","context":"Dans &quot;Humeur&quot;","block_context":{"text":"Humeur","link":"https:\/\/www.psychee.org\/blog\/category\/non-classe\/humeur\/"},"img":{"alt_text":"","src":"https:\/\/i0.wp.com\/www.psychee.org\/blog\/wp-content\/uploads\/2020\/12\/rolevent.jpg?fit=1200%2C776&ssl=1&resize=350%2C200","width":350,"height":200,"srcset":"https:\/\/i0.wp.com\/www.psychee.org\/blog\/wp-content\/uploads\/2020\/12\/rolevent.jpg?fit=1200%2C776&ssl=1&resize=350%2C200 1x, https:\/\/i0.wp.com\/www.psychee.org\/blog\/wp-content\/uploads\/2020\/12\/rolevent.jpg?fit=1200%2C776&ssl=1&resize=525%2C300 1.5x, https:\/\/i0.wp.com\/www.psychee.org\/blog\/wp-content\/uploads\/2020\/12\/rolevent.jpg?fit=1200%2C776&ssl=1&resize=700%2C400 2x, https:\/\/i0.wp.com\/www.psychee.org\/blog\/wp-content\/uploads\/2020\/12\/rolevent.jpg?fit=1200%2C776&ssl=1&resize=1050%2C600 3x"},"classes":[]},{"id":4490,"url":"https:\/\/www.psychee.org\/blog\/jai-aussi-un-coeur\/","url_meta":{"origin":3657,"position":5},"title":"J&rsquo;ai aussi un c\u0153ur&#8230;","author":"axelle Bouet","date":"28 ao\u00fbt 2018","format":false,"excerpt":"... et il a d\u00e9cid\u00e9 de me faire bien chier. Tout cela pour dire que depuis le d\u00e9but des canicules cet \u00e9t\u00e9, j'ai de gros soucis d'hypertension. Le traitement ad hoc a r\u00e9ussi, mais soit il a quelques effets secondaires impr\u00e9vu, soit c'est plus grave qu'escompt\u00e9, parce que je peux\u2026","rel":"","context":"Dans &quot;Humeur&quot;","block_context":{"text":"Humeur","link":"https:\/\/www.psychee.org\/blog\/category\/non-classe\/humeur\/"},"img":{"alt_text":"","src":"https:\/\/i0.wp.com\/www.psychee.org\/blog\/wp-content\/uploads\/2018\/08\/titre.jpg?fit=1100%2C736&ssl=1&resize=350%2C200","width":350,"height":200,"srcset":"https:\/\/i0.wp.com\/www.psychee.org\/blog\/wp-content\/uploads\/2018\/08\/titre.jpg?fit=1100%2C736&ssl=1&resize=350%2C200 1x, https:\/\/i0.wp.com\/www.psychee.org\/blog\/wp-content\/uploads\/2018\/08\/titre.jpg?fit=1100%2C736&ssl=1&resize=525%2C300 1.5x, https:\/\/i0.wp.com\/www.psychee.org\/blog\/wp-content\/uploads\/2018\/08\/titre.jpg?fit=1100%2C736&ssl=1&resize=700%2C400 2x, https:\/\/i0.wp.com\/www.psychee.org\/blog\/wp-content\/uploads\/2018\/08\/titre.jpg?fit=1100%2C736&ssl=1&resize=1050%2C600 3x"},"classes":[]}],"jetpack_likes_enabled":true,"_links":{"self":[{"href":"https:\/\/www.psychee.org\/blog\/wp-json\/wp\/v2\/posts\/3657","targetHints":{"allow":["GET"]}}],"collection":[{"href":"https:\/\/www.psychee.org\/blog\/wp-json\/wp\/v2\/posts"}],"about":[{"href":"https:\/\/www.psychee.org\/blog\/wp-json\/wp\/v2\/types\/post"}],"author":[{"embeddable":true,"href":"https:\/\/www.psychee.org\/blog\/wp-json\/wp\/v2\/users\/52"}],"replies":[{"embeddable":true,"href":"https:\/\/www.psychee.org\/blog\/wp-json\/wp\/v2\/comments?post=3657"}],"version-history":[{"count":7,"href":"https:\/\/www.psychee.org\/blog\/wp-json\/wp\/v2\/posts\/3657\/revisions"}],"predecessor-version":[{"id":6425,"href":"https:\/\/www.psychee.org\/blog\/wp-json\/wp\/v2\/posts\/3657\/revisions\/6425"}],"wp:featuredmedia":[{"embeddable":true,"href":"https:\/\/www.psychee.org\/blog\/wp-json\/wp\/v2\/media\/2530"}],"wp:attachment":[{"href":"https:\/\/www.psychee.org\/blog\/wp-json\/wp\/v2\/media?parent=3657"}],"wp:term":[{"taxonomy":"category","embeddable":true,"href":"https:\/\/www.psychee.org\/blog\/wp-json\/wp\/v2\/categories?post=3657"},{"taxonomy":"post_tag","embeddable":true,"href":"https:\/\/www.psychee.org\/blog\/wp-json\/wp\/v2\/tags?post=3657"}],"curies":[{"name":"wp","href":"https:\/\/api.w.org\/{rel}","templated":true}]}}