{"id":4438,"date":"2018-04-04T10:47:34","date_gmt":"2018-04-04T08:47:34","guid":{"rendered":"http:\/\/www.psychee.org\/blog\/?p=4438"},"modified":"2018-04-04T10:53:02","modified_gmt":"2018-04-04T08:53:02","slug":"un-deuil-15-jours-de-grippe","status":"publish","type":"post","link":"https:\/\/www.psychee.org\/blog\/un-deuil-15-jours-de-grippe\/","title":{"rendered":"Un deuil &#038; 15 jours de grippe&#8230;"},"content":{"rendered":"<p>La vie est \u00e9trange, en cela qu&rsquo;elle r\u00e9serve des p\u00e9rip\u00e9ties dont on n\u2019oserait pas la simultan\u00e9it\u00e9 m\u00eame dans les plus \u00e9chevel\u00e9es com\u00e9dies et fictions, de peur qu&rsquo;on nous dise : non, mais pas cr\u00e9dible. Il y a deux semaines, Alysia perdait sa maman ch\u00e9rie, et moi ma belle-maman aim\u00e9e, qui comptait \u00e0 mon c\u0153ur bien plus que comme une amie ou juste un membre de ma famille&#8230; Ce n&rsquo;\u00e9tait pas vraiment une surprise mais cela fut un choc malgr\u00e9 tout.Et \u00e0 la veille de son enterrement, Aly et moi choppions la plus magistrale grippe qu&rsquo;on ait attrap\u00e9 depuis des d\u00e9cennies&#8230;<\/p>\n<p>Vous n&rsquo;avez jamais entendu parler de ma belle-maman jusque-l\u00e0, parce que&#8230; parce que y&rsquo;a des gens qui simplement ne sont connus que d&rsquo;une poign\u00e9e. <strong>Ma belle-maman s&rsquo;appelait Danielle Lor\u00e9tan<\/strong>. Je pourrais vous en parler des heures, mais je ferais court : je l&rsquo;aimais, comme une m\u00e8re, comme une amie, comme une complice, avec qui je p<span class=\"text_exposed_show\">ouvais parler franchement de tout, y compris de la mort, sans ambages, sans faux-semblant. Ma belle-maman avait un courage indomptable, mais ce qui nous r\u00e9unissait sans h\u00e9siter, c&rsquo;\u00e9tait notre ent\u00eatement commun, qui nous valait la complicit\u00e9 de deux t\u00eates de mules. Quelques-uns de nos amis se souviennent d&rsquo;elle, pour l&rsquo;avoir rencontr\u00e9 ou crois\u00e9, ou pour l&rsquo;avoir connue. Sa porte \u00e9tait ouverte \u00e0 tous, sans jugement de valeur sur personne, jamais, avec le m\u00eame amour et la m\u00eame affection maternelle qu&rsquo;elle d\u00e9diait \u00e0 quiconque passait le seuil de sa maison. Elle me manquera et je vais \u00eatre triste pour un moment&#8230; d&rsquo;autres souffrent autrement plus que moi. Il n&rsquo;est pas question de l\u00e2cher prise ; d&rsquo;ailleurs elle m&rsquo;eut engueul\u00e9 si je le faisais.<\/span><\/p>\n<p>Je pensais \u00eatre triste, et je le fus, apr\u00e8s son d\u00e9c\u00e8s&#8230; mais la grippe s&rsquo;est charg\u00e9 de me mettre dans un tel \u00e9tat de survie que je n&rsquo;ai, finalement, pu la pleurer que pendant l&rsquo;enterrement. Quinze jours plus tard, alors qu&rsquo;Alysia et moi ne sommes pas encore totalement remises, je r\u00e9alise que je pense \u00e0 elle avec tendresse, tristesse, mais surtout une immense fiert\u00e9 de l&rsquo;avoir connue, aim\u00e9e, et d&rsquo;h\u00e9riter de tout ce qu&rsquo;elle a pu m&rsquo;apporter et m&rsquo;offrir. Et je suis loin d&rsquo;\u00eatre la seule.<\/p>\n<p><strong>Danielle sera honor\u00e9e par nous toutes : les Chants de Loss, le jeu de r\u00f4le, lui sera d\u00e9di\u00e9<\/strong>, car elle avait esp\u00e9r\u00e9 \u00eatre encore en vie pour voir la boite du jeu, r\u00e9alis\u00e9e et cr\u00e9e par sa fille, une sorte de petite cons\u00e9cration que la vie lui a refus\u00e9. Nous allons honorer et ch\u00e9rir ses encouragements et son amour autrement, et le rendre immortelle autant que nous le pouvons ; autant qu&rsquo;elle le m\u00e9rite.<\/p>\n<p>Je m&rsquo;arr\u00eate l\u00e0&#8230; je pleure un peu quand m\u00eame&#8230; mais je suis tr\u00e8s heureuse de vous en avoir parl\u00e9 et de ce qu&rsquo;elle repr\u00e9sente pour nous.<\/p>\n<p>Et parce que respectons les coutumes&#8230; voici le premier dessin que j&rsquo;ai fait en convalescence de ma grippe&#8230; petite illustration d\u00e9tente de Lisa, au look un peu plus adulte, avec un joli cheval.<\/p>\n<p><a href=\"https:\/\/i0.wp.com\/www.psychee.org\/blog\/wp-content\/uploads\/2018\/04\/lisa-cheval-final.jpg\"><img data-recalc-dims=\"1\" loading=\"lazy\" decoding=\"async\" data-attachment-id=\"4439\" data-permalink=\"https:\/\/www.psychee.org\/blog\/un-deuil-15-jours-de-grippe\/lisa-cheval-final\/\" data-orig-file=\"https:\/\/i0.wp.com\/www.psychee.org\/blog\/wp-content\/uploads\/2018\/04\/lisa-cheval-final.jpg?fit=1280%2C1810&amp;ssl=1\" data-orig-size=\"1280,1810\" data-comments-opened=\"1\" data-image-meta=\"{&quot;aperture&quot;:&quot;0&quot;,&quot;credit&quot;:&quot;&quot;,&quot;camera&quot;:&quot;&quot;,&quot;caption&quot;:&quot;&quot;,&quot;created_timestamp&quot;:&quot;0&quot;,&quot;copyright&quot;:&quot;&quot;,&quot;focal_length&quot;:&quot;0&quot;,&quot;iso&quot;:&quot;0&quot;,&quot;shutter_speed&quot;:&quot;0&quot;,&quot;title&quot;:&quot;&quot;,&quot;orientation&quot;:&quot;0&quot;}\" data-image-title=\"lisa-cheval-final\" data-image-description=\"\" data-image-caption=\"\" data-medium-file=\"https:\/\/i0.wp.com\/www.psychee.org\/blog\/wp-content\/uploads\/2018\/04\/lisa-cheval-final.jpg?fit=339%2C480&amp;ssl=1\" data-large-file=\"https:\/\/i0.wp.com\/www.psychee.org\/blog\/wp-content\/uploads\/2018\/04\/lisa-cheval-final.jpg?fit=480%2C679&amp;ssl=1\" class=\"alignnone size-large wp-image-4439\" src=\"https:\/\/i0.wp.com\/www.psychee.org\/blog\/wp-content\/uploads\/2018\/04\/lisa-cheval-final.jpg?resize=480%2C679\" alt=\"\" width=\"480\" height=\"679\" srcset=\"https:\/\/i0.wp.com\/www.psychee.org\/blog\/wp-content\/uploads\/2018\/04\/lisa-cheval-final.jpg?resize=480%2C679&amp;ssl=1 480w, https:\/\/i0.wp.com\/www.psychee.org\/blog\/wp-content\/uploads\/2018\/04\/lisa-cheval-final.jpg?resize=205%2C290&amp;ssl=1 205w, https:\/\/i0.wp.com\/www.psychee.org\/blog\/wp-content\/uploads\/2018\/04\/lisa-cheval-final.jpg?resize=339%2C480&amp;ssl=1 339w, https:\/\/i0.wp.com\/www.psychee.org\/blog\/wp-content\/uploads\/2018\/04\/lisa-cheval-final.jpg?w=1280&amp;ssl=1 1280w\" sizes=\"auto, (max-width: 480px) 100vw, 480px\" \/><\/a><\/p>\n","protected":false},"excerpt":{"rendered":"<p>La vie est \u00e9trange, en cela qu&rsquo;elle r\u00e9serve des p\u00e9rip\u00e9ties dont on n\u2019oserait pas la simultan\u00e9it\u00e9 m\u00eame dans les plus<\/p>\n","protected":false},"author":52,"featured_media":4439,"comment_status":"open","ping_status":"open","sticky":false,"template":"","format":"standard","meta":{"colormag_page_container_layout":"default_layout","colormag_page_sidebar_layout":"default_layout","jetpack_post_was_ever_published":false,"_jetpack_newsletter_access":"","_jetpack_dont_email_post_to_subs":false,"_jetpack_newsletter_tier_id":0,"_jetpack_memberships_contains_paywalled_content":false,"_jetpack_memberships_contains_paid_content":false,"footnotes":"","jetpack_publicize_message":"","jetpack_publicize_feature_enabled":true,"jetpack_social_post_already_shared":true,"jetpack_social_options":{"image_generator_settings":{"template":"highway","default_image_id":0,"font":"","enabled":false},"version":2}},"categories":[6,149,11],"tags":[133,242,407,402,230,119],"class_list":["post-4438","post","type-post","status-publish","format-standard","has-post-thumbnail","hentry","category-couleur","category-loss","category-blog","tag-axelle","tag-bouet","tag-humeur","tag-couleur","tag-les-chants-de-loss","tag-psychee"],"jetpack_publicize_connections":[],"jetpack_featured_media_url":"https:\/\/i0.wp.com\/www.psychee.org\/blog\/wp-content\/uploads\/2018\/04\/lisa-cheval-final.jpg?fit=1280%2C1810&ssl=1","jetpack_sharing_enabled":true,"jetpack_shortlink":"https:\/\/wp.me\/p2iISD-19A","jetpack-related-posts":[{"id":4293,"url":"https:\/\/www.psychee.org\/blog\/des-dessins-oui-encore-et-toujours-et-vous-ne-les-voyez-pas-tous\/","url_meta":{"origin":4438,"position":0},"title":"Des dessins ! Oui, encore et toujours et vous ne les voyez pas tous&#8230;","author":"axelle Bouet","date":"11 novembre 2017","format":false,"excerpt":"Le fait est, pour appuyer ce titre\u00a0 un brin putassier, que si vous aimez voir mon travail en direct, je ne peux que vous encourager \u00e0 vous abonner \u00e0 ma page facebook : https:\/\/www.facebook.com\/psycheeart et ne pas oublier de cliquer sur le bouton \"d\u00e9j\u00e0 abonn\u00e9\" et de choisir l'option \"voir\u2026","rel":"","context":"Dans &quot;Illustrations&quot;","block_context":{"text":"Illustrations","link":"https:\/\/www.psychee.org\/blog\/category\/illustrations\/"},"img":{"alt_text":"","src":"https:\/\/i0.wp.com\/www.psychee.org\/blog\/wp-content\/uploads\/2017\/11\/lisa-automn-final.jpg?fit=849%2C1200&ssl=1&resize=350%2C200","width":350,"height":200,"srcset":"https:\/\/i0.wp.com\/www.psychee.org\/blog\/wp-content\/uploads\/2017\/11\/lisa-automn-final.jpg?fit=849%2C1200&ssl=1&resize=350%2C200 1x, https:\/\/i0.wp.com\/www.psychee.org\/blog\/wp-content\/uploads\/2017\/11\/lisa-automn-final.jpg?fit=849%2C1200&ssl=1&resize=525%2C300 1.5x, https:\/\/i0.wp.com\/www.psychee.org\/blog\/wp-content\/uploads\/2017\/11\/lisa-automn-final.jpg?fit=849%2C1200&ssl=1&resize=700%2C400 2x"},"classes":[]},{"id":6654,"url":"https:\/\/www.psychee.org\/blog\/je-deteste-mon-pouce\/","url_meta":{"origin":4438,"position":1},"title":"Je d\u00e9teste mon pouce","author":"axelle Bouet","date":"30 mai 2023","format":false,"excerpt":"Ok, en fait, je devrais dire que je d\u00e9teste le canal carpien. Vu que c\u2019est cela qui est d\u00e9sormais abim\u00e9 chez moi... on surnomme souvent \u00e7a la tendinite du dessinateur, mais c\u2019est un peu plus compliqu\u00e9. Bref, si vous voulez en savoir plus, allez voir ici, c\u2019est le MSD en\u2026","rel":"","context":"Dans &quot;Divers&quot;","block_context":{"text":"Divers","link":"https:\/\/www.psychee.org\/blog\/category\/autres-creations\/"},"img":{"alt_text":"","src":"https:\/\/i0.wp.com\/www.psychee.org\/blog\/wp-content\/uploads\/2023\/05\/blog-k.png?fit=1200%2C750&ssl=1&resize=350%2C200","width":350,"height":200,"srcset":"https:\/\/i0.wp.com\/www.psychee.org\/blog\/wp-content\/uploads\/2023\/05\/blog-k.png?fit=1200%2C750&ssl=1&resize=350%2C200 1x, https:\/\/i0.wp.com\/www.psychee.org\/blog\/wp-content\/uploads\/2023\/05\/blog-k.png?fit=1200%2C750&ssl=1&resize=525%2C300 1.5x, https:\/\/i0.wp.com\/www.psychee.org\/blog\/wp-content\/uploads\/2023\/05\/blog-k.png?fit=1200%2C750&ssl=1&resize=700%2C400 2x, https:\/\/i0.wp.com\/www.psychee.org\/blog\/wp-content\/uploads\/2023\/05\/blog-k.png?fit=1200%2C750&ssl=1&resize=1050%2C600 3x"},"classes":[]},{"id":3908,"url":"https:\/\/www.psychee.org\/blog\/des-illustrations-des-commandes-clients-et-du-chants-de-loss-jdr\/","url_meta":{"origin":4438,"position":2},"title":"Des illustrations, des commandes-clients et du Chants de Loss JDR.","author":"axelle Bouet","date":"13 mars 2017","format":false,"excerpt":"Et aussi les cons\u00e9quences de coup de poing contre des portes, ce qui est un summum de r\u00e9flexe stupide quand sa main est son outil de travail. Se casser le pied, c'est chiant, mais \u00e7a n'impacterai pas ma passion et ma productivit\u00e9. J'ai encore bobo une semaine plus tard et\u2026","rel":"","context":"Dans &quot;Illustrations&quot;","block_context":{"text":"Illustrations","link":"https:\/\/www.psychee.org\/blog\/category\/illustrations\/"},"img":{"alt_text":"","src":"https:\/\/i0.wp.com\/www.psychee.org\/blog\/wp-content\/uploads\/2017\/03\/dinos-1100.jpg?fit=1100%2C723&ssl=1&resize=350%2C200","width":350,"height":200,"srcset":"https:\/\/i0.wp.com\/www.psychee.org\/blog\/wp-content\/uploads\/2017\/03\/dinos-1100.jpg?fit=1100%2C723&ssl=1&resize=350%2C200 1x, https:\/\/i0.wp.com\/www.psychee.org\/blog\/wp-content\/uploads\/2017\/03\/dinos-1100.jpg?fit=1100%2C723&ssl=1&resize=525%2C300 1.5x, https:\/\/i0.wp.com\/www.psychee.org\/blog\/wp-content\/uploads\/2017\/03\/dinos-1100.jpg?fit=1100%2C723&ssl=1&resize=700%2C400 2x, https:\/\/i0.wp.com\/www.psychee.org\/blog\/wp-content\/uploads\/2017\/03\/dinos-1100.jpg?fit=1100%2C723&ssl=1&resize=1050%2C600 3x"},"classes":[]},{"id":4167,"url":"https:\/\/www.psychee.org\/blog\/les-heros-des-chants-de-loss\/","url_meta":{"origin":4438,"position":3},"title":"Les h\u00e9ros des Chants de Loss","author":"axelle Bouet","date":"14 juin 2017","format":false,"excerpt":"25 heures de travail plus tard, finalement, je serai parvenue \u00e0 r\u00e9ussir ce petit chef-d\u2019\u0153uvre, j'entends par l\u00e0 : pour mes comp\u00e9tences. Je ne savais pas ce que je faisais, partant d'une id\u00e9e gribouill\u00e9e, et travaillant finalement sur une technique qu'on appelle la peinture \u00e0 l'overlay : on travaille tout\u2026","rel":"","context":"Dans &quot;Illustrations&quot;","block_context":{"text":"Illustrations","link":"https:\/\/www.psychee.org\/blog\/category\/illustrations\/"},"img":{"alt_text":"","src":"https:\/\/i0.wp.com\/www.psychee.org\/blog\/wp-content\/uploads\/2017\/06\/poster-loss-bandeau2.jpg?fit=1100%2C547&ssl=1&resize=350%2C200","width":350,"height":200,"srcset":"https:\/\/i0.wp.com\/www.psychee.org\/blog\/wp-content\/uploads\/2017\/06\/poster-loss-bandeau2.jpg?fit=1100%2C547&ssl=1&resize=350%2C200 1x, https:\/\/i0.wp.com\/www.psychee.org\/blog\/wp-content\/uploads\/2017\/06\/poster-loss-bandeau2.jpg?fit=1100%2C547&ssl=1&resize=525%2C300 1.5x, https:\/\/i0.wp.com\/www.psychee.org\/blog\/wp-content\/uploads\/2017\/06\/poster-loss-bandeau2.jpg?fit=1100%2C547&ssl=1&resize=700%2C400 2x, https:\/\/i0.wp.com\/www.psychee.org\/blog\/wp-content\/uploads\/2017\/06\/poster-loss-bandeau2.jpg?fit=1100%2C547&ssl=1&resize=1050%2C600 3x"},"classes":[]},{"id":4674,"url":"https:\/\/www.psychee.org\/blog\/des-fetes-et-noubliez-pas-de-rever\/","url_meta":{"origin":4438,"position":4},"title":"Des f\u00eates et des victoires !","author":"axelle Bouet","date":"25 d\u00e9cembre 2018","format":false,"excerpt":"(PS :\u00a0 jeu de mot du titre par St\u00e9phane Gallay, tapez-le lui !) Il est l'heure de vous souhaiter tous mes v\u0153ux pour les f\u00eates de fin d\u2019ann\u00e9e. Je ne suis pas dou\u00e9e \u00e0 l'exercice, alors, ce que je veux vous souhaiter \u00e0 vous tout et de continuer \u00e0 r\u00eaver,\u2026","rel":"","context":"Dans &quot;Humeur&quot;","block_context":{"text":"Humeur","link":"https:\/\/www.psychee.org\/blog\/category\/non-classe\/humeur\/"},"img":{"alt_text":"","src":"https:\/\/i0.wp.com\/www.psychee.org\/blog\/wp-content\/uploads\/2018\/12\/badass_vader-2018-voeux.jpg?fit=1200%2C960&ssl=1&resize=350%2C200","width":350,"height":200,"srcset":"https:\/\/i0.wp.com\/www.psychee.org\/blog\/wp-content\/uploads\/2018\/12\/badass_vader-2018-voeux.jpg?fit=1200%2C960&ssl=1&resize=350%2C200 1x, https:\/\/i0.wp.com\/www.psychee.org\/blog\/wp-content\/uploads\/2018\/12\/badass_vader-2018-voeux.jpg?fit=1200%2C960&ssl=1&resize=525%2C300 1.5x, https:\/\/i0.wp.com\/www.psychee.org\/blog\/wp-content\/uploads\/2018\/12\/badass_vader-2018-voeux.jpg?fit=1200%2C960&ssl=1&resize=700%2C400 2x, https:\/\/i0.wp.com\/www.psychee.org\/blog\/wp-content\/uploads\/2018\/12\/badass_vader-2018-voeux.jpg?fit=1200%2C960&ssl=1&resize=1050%2C600 3x"},"classes":[]},{"id":1784,"url":"https:\/\/www.psychee.org\/blog\/pour-mon-ange\/","url_meta":{"origin":4438,"position":5},"title":"Pour mon Ange","author":"axelle Bouet","date":"31 ao\u00fbt 2014","format":false,"excerpt":"Cette illustration est pour elle, et je vais trouver rapidement o\u00f9 aller en faire un tirage unique. Je tenais \u00e0 faire ce dessin, avant m\u00eame de songer \u00e0 ce qu'il est, une belle illustration, et une belle d\u00e9mo technique, c'est surtout un hommage \u00e0 mon Ange, Aly. C'est son surnom.\u2026","rel":"","context":"Dans &quot;Illustrations couleurs&quot;","block_context":{"text":"Illustrations couleurs","link":"https:\/\/www.psychee.org\/blog\/category\/illustrations\/couleur\/"},"img":{"alt_text":"","src":"https:\/\/i0.wp.com\/www.psychee.org\/blog\/wp-content\/uploads\/2014\/08\/aly-ext.jpg?fit=1117%2C760&ssl=1&resize=350%2C200","width":350,"height":200,"srcset":"https:\/\/i0.wp.com\/www.psychee.org\/blog\/wp-content\/uploads\/2014\/08\/aly-ext.jpg?fit=1117%2C760&ssl=1&resize=350%2C200 1x, https:\/\/i0.wp.com\/www.psychee.org\/blog\/wp-content\/uploads\/2014\/08\/aly-ext.jpg?fit=1117%2C760&ssl=1&resize=525%2C300 1.5x, https:\/\/i0.wp.com\/www.psychee.org\/blog\/wp-content\/uploads\/2014\/08\/aly-ext.jpg?fit=1117%2C760&ssl=1&resize=700%2C400 2x, https:\/\/i0.wp.com\/www.psychee.org\/blog\/wp-content\/uploads\/2014\/08\/aly-ext.jpg?fit=1117%2C760&ssl=1&resize=1050%2C600 3x"},"classes":[]}],"jetpack_likes_enabled":true,"_links":{"self":[{"href":"https:\/\/www.psychee.org\/blog\/wp-json\/wp\/v2\/posts\/4438","targetHints":{"allow":["GET"]}}],"collection":[{"href":"https:\/\/www.psychee.org\/blog\/wp-json\/wp\/v2\/posts"}],"about":[{"href":"https:\/\/www.psychee.org\/blog\/wp-json\/wp\/v2\/types\/post"}],"author":[{"embeddable":true,"href":"https:\/\/www.psychee.org\/blog\/wp-json\/wp\/v2\/users\/52"}],"replies":[{"embeddable":true,"href":"https:\/\/www.psychee.org\/blog\/wp-json\/wp\/v2\/comments?post=4438"}],"version-history":[{"count":2,"href":"https:\/\/www.psychee.org\/blog\/wp-json\/wp\/v2\/posts\/4438\/revisions"}],"predecessor-version":[{"id":4441,"href":"https:\/\/www.psychee.org\/blog\/wp-json\/wp\/v2\/posts\/4438\/revisions\/4441"}],"wp:featuredmedia":[{"embeddable":true,"href":"https:\/\/www.psychee.org\/blog\/wp-json\/wp\/v2\/media\/4439"}],"wp:attachment":[{"href":"https:\/\/www.psychee.org\/blog\/wp-json\/wp\/v2\/media?parent=4438"}],"wp:term":[{"taxonomy":"category","embeddable":true,"href":"https:\/\/www.psychee.org\/blog\/wp-json\/wp\/v2\/categories?post=4438"},{"taxonomy":"post_tag","embeddable":true,"href":"https:\/\/www.psychee.org\/blog\/wp-json\/wp\/v2\/tags?post=4438"}],"curies":[{"name":"wp","href":"https:\/\/api.w.org\/{rel}","templated":true}]}}