{"id":5930,"date":"2020-01-26T12:23:07","date_gmt":"2020-01-26T10:23:07","guid":{"rendered":"http:\/\/www.psychee.org\/blog\/?p=5930"},"modified":"2020-01-26T12:23:07","modified_gmt":"2020-01-26T10:23:07","slug":"pourquoi-je-ne-fais-pas-de-bande-dessinee","status":"publish","type":"post","link":"https:\/\/www.psychee.org\/blog\/pourquoi-je-ne-fais-pas-de-bande-dessinee\/","title":{"rendered":"Pourquoi je ne fais pas de bande dessin\u00e9e\u00a0?"},"content":{"rendered":"<p>Pourquoi je ne fais pas de bande dessin\u00e9e&nbsp;?<\/p>\n<p>Je pose la question car en fait, c\u2019est vous qui me la posez et qui, souvent, \u00eates enthousiastes \u00e0 l\u2019id\u00e9e qu\u2019un jour, je fasse une bande dessin\u00e9e. Oui, je sais, mon trait s\u2019y pr\u00eate, mon traitement de noir et blanc et d\u2019encrage est de plus en plus maitris\u00e9 et affirm\u00e9, mon niveau g\u00e9n\u00e9ral me le permettrait, toussa. Sauf que non, je n\u2019en ferai pas. Ou alors quand je serai riche\u2026 ce qui n\u2019est pas pour demain.<\/p>\n<p>Alors, pourquoi ne pas faire de bande dessin\u00e9e&nbsp;? Y\u2019a trois raisons\u2026 et, fort malheureusement, la troisi\u00e8me ci-dessous, et qui concerne TOUT le milieu des auteurs de bande dessin\u00e9e, est la plus importante. C\u2019est celle qui fait que vous allez commencer \u00e0 voir de moins en moins de nouveaux auteurs et de nouvelles b\u00e9d\u00e9s dans vos bacs et voir disparaitre des s\u00e9ries et collections enti\u00e8res.<\/p>\n<h2>1- Ma plus mauvaise excuse<\/h2>\n<p>Bon, alors, pour commencer, mon niveau g\u00e9n\u00e9ral n\u2019est pas si bon&nbsp;: la bande dessin\u00e9e, \u00e7a ne se cantonne pas \u00e0 savoir dessiner des beaux personnages. Il faut maitriser un certain mechadesign, se d\u00e9merder avec les d\u00e9cors, l\u2019architecture et la perspective, pour assurer une belle mise en situation. D\u00e9j\u00e0, \u00e7a, c\u2019est un probl\u00e8me pour moi, parce que je n\u2019y suis pas si dou\u00e9e (surtout pour les d\u00e9cors) et je suis affreusement perfectionniste&nbsp;: donc j\u2019y passerai un temps infini pour arriver \u00e0 quelque chose.<\/p>\n<p>Ensuite, la b\u00e9d\u00e9, ce n\u2019est pas que du dessin et une bonne histoire. C\u2019est une mise en sc\u00e8ne visuelle recherch\u00e9e, un d\u00e9coupage et une bonne dynamique sc\u00e9naristique, une maitrise des dialogues et une comp\u00e9tence \u00e9tendue dans la mise en page. Ok, ce sont des choses que je sais plut\u00f4t faire. Parce que j\u2019ai appris ou du moins essay\u00e9. Apr\u00e8s tout, c\u2019\u00e9tait mes \u00e9tudes d\u2019art. Mais c\u2019est un gros boulot qui, encore une fois, devient hors-norme quand on est perfectionniste.<\/p>\n<p>Et la b\u00e9d\u00e9, ce n\u2019est m\u00eame pas que cela. Je ne vous cause pas encore de la r\u00e9daction des textes et leur int\u00e9gration dans les planches, de la mise en couleur, de la v\u00e9rification et de la relecture orthogrammaticale et j\u2019en passe. Et ici, on ne parle m\u00eame pas de vendre&nbsp;!<\/p>\n<p>Une bande dessin\u00e9e classique de, disons, 48 pages, c\u2019est\u2026 48 semaines de travail. Ouais, un an quoi. Et pas \u00e0 8 heures par jour, 5 jours par semaine, hein. En g\u00e9n\u00e9ral, c\u2019est plut\u00f4t 10-12, 6 \u00e0 7 jours par semaine et surtout ne tombe pas malade&nbsp;! Bien s\u00fbr, on peut faire \u00e0 moins. Et je pourrais. On chiade moins les d\u00e9cors, on fait du noir et blanc, on exploite les avantages de rapidit\u00e9 de travail en num\u00e9rique, et on baisse, forc\u00e9ment l\u2019ambition graphique et la qualit\u00e9 g\u00e9n\u00e9rale. Mais \u00e0 moins de sabrer m\u00e9chant, on reste dans cette norme&nbsp;; la bande dessin\u00e9e en dilettante, si j\u2019ose employer ce terme, \u00e7a veut juste dire que \u00e7a va \u00eatre bien plus long et dans tous les cas, \u00e7a va rester salement chronophage.<\/p>\n<h2>2- Une question de temps<\/h2>\n<p>Le probl\u00e8me c\u2019est que je fais autre chose, hein.<\/p>\n<p>D\u2019abord, gagner ma vie (bon an mal an) comme illustratrice professionnelle, ce qui sur un mois me prends entre 8 et 15 jours de travail complet&nbsp;; et que je ne vais pas arr\u00eater de faire sinon, c\u2019est Alysia qui va, seule, payer les factures et on va vite perdre de notre (petit) niveau de vie\u2026 voire finir rapidos dans la merde au premier p\u00e9pin venu.<\/p>\n<p>Ensuite, je suis autrice de jeux de r\u00f4les. C\u2019est tr\u00e8s chronophage aussi et, contrairement \u00e0 l\u2019id\u00e9e re\u00e7ue parmi les pratiquants dans ce milieu, cr\u00e9er et \u00e9crire un jeu de r\u00f4le, c\u2019est un m\u00e9tier. En tout cas, c\u2019en est un d\u00e8s que vous avez la pr\u00e9tention d\u2019en faire un produit commercial. Je crois que vous avez un peu suivi les aventures de la cr\u00e9ation des Chants de Loss, le jeu de r\u00f4le, <a href=\"http:\/\/www.loss-jdr.psychee.org\/2019\/10\/01\/le-bilan-des-chants-de-loss-a-quelques-semaines-de-sa-sortie\/\" target=\"_blank\" rel=\"noopener noreferrer\">mais si vous \u00eates curieux, j\u2019en parle ici<\/a>. Bref, ce n\u2019est pas un loisir&nbsp;; cela fait partie de mes activit\u00e9s professionnelles, cela engage de l\u2019argent, des clients et des responsabilit\u00e9s. Et \u00e7a a pris presque tout mon temps pendant ces deux derni\u00e8res ann\u00e9es.<\/p>\n<p>Enfin, je suis romanci\u00e8re et l\u00e0 encore, je ne le suis plus en dilettante ou amatrice. D\u2019ailleurs, mes fans attendent mon troisi\u00e8me tome avec impatience, car il a quand m\u00eame presque trois ans de retard, parce que ben\u2026 je n\u2019ai pas r\u00e9ussi \u00e0 \u00e9crire le tome 3 et le jeu de r\u00f4le de front. Le fait est que j\u2019adore \u00e9crire et que sur ce point, pouvoir coucher des histoires sur le papier compense beaucoup ma frustration d\u2019avoir renonc\u00e9 \u00e0 la bande dessin\u00e9e. C\u2019est beaucoup moins exigeant en terme de travail et de qualit\u00e9 et, finalement, si cela me rapporte assez peu (voire tr\u00e8s peu, mais ce n\u2019est pas bien grave), c\u2019est intellectuellement et personnellement que cela me satisfait et comble mes attentes.<\/p>\n<h2>3- Non mais la b\u00e9d\u00e9, c\u2019est pas un vrai m\u00e9tier, madame&nbsp;!<\/h2>\n<p>Mais tout \u00e7a, c\u2019est rien. La vraie raison pour laquelle je ne ferai pas de bande dessin\u00e9e est bien plus pragmatique, calamiteuse et mis\u00e9rable.<\/p>\n<p>Le secteur de l\u2019\u00e9dition en France, c\u2019est 80 000 personnes qui bossent directement dans le secteur, c\u2019est 1% du PIB du pays. Et les derniers rapports, y compris pour le secteur de la b\u00e9d\u00e9, vantent la bonne sant\u00e9 du march\u00e9. C\u2019est cool hein&nbsp;? Mais pas pour les auteurs\u2026<\/p>\n<p><a href=\"https:\/\/www.actualitte.com\/article\/monde-edition\/les-revenus-des-auteurs-une-question-structurelle\/90847\" target=\"_blank\" rel=\"noopener noreferrer\">En 2018, c\u2019est moins de 45% des auteurs qui arrivent \u00e0 gagner le SMIC<\/a>. Pour les nouveaux auteurs, c\u2019est \u00e0 peu pr\u00e8s 30% et encore moins si j\u2019en juge par la d\u00e9gradation de la situation en deux ans. La moiti\u00e9 des auteurs de b\u00e9d\u00e9 que vous allez voir avec tant de reconnaissance et d\u2019admiration \u00e0 Angoul\u00eame sont au seuil de pauvret\u00e9 ou en dessous&nbsp;; ouais. La moiti\u00e9, retenez bien \u00e7a quand vous irez demander une d\u00e9dicace. Seule une poign\u00e9e d\u2019entre eux, une cinquante environ, sur 1\u2009300\u202fauteurs professionnels, vivent correctement quand tous les autres peinent \u00e0 se faire un Smic.<\/p>\n<p>Ces m\u00eames auteurs de b\u00e9d\u00e9, en ce moment, pour vendre leurs albums, sont oblig\u00e9s de vendre leurs droits d\u2019auteurs. Oui, vous avez bien lu&nbsp;: les auteurs de b\u00e9d\u00e9 ne vendent m\u00eames plus leurs planches et leur droit d\u2019exploitation dans un contrat honn\u00eate, mais <a href=\"https:\/\/www.actualitte.com\/article\/monde-edition\/fragilise-precaire-et-essentiel-la-place-de-l-auteur-en-france\/91490\" target=\"_blank\" rel=\"noopener noreferrer\">doivent c\u00e9der leurs droits d\u2019auteurs contre une avance sur les ventes.<\/a> En ce moment, un bon succ\u00e8s de b\u00e9d\u00e9, c\u2019est, quoi, 3 000 ventes&nbsp;?<\/p>\n<p>L\u2019avance sur droit sur une b\u00e9d\u00e9, c\u2019est environ 10 000 \u20ac&nbsp;; une avance que vous allez donc rembourser, \u00e0 raison de 8% du prix hors-taxes de l\u2019album vendu. C\u2019est-\u00e0-dire que pour arriver \u00e0 avoir un jour des droits d\u2019auteurs et \u00eatre pay\u00e9 plus que 10 000 balles pour un an de travail, il vous faudra vendre 15 000 albums\u2026 quand la moyenne des ventes se situe \u00e0 3 000 (si vous avez du succ\u00e8s). Et encore, puisque si vous avez \u00e9t\u00e9 forc\u00e9 de c\u00e9der vos droits d\u2019auteurs, vous ne toucherez QUE 10 000 \u20ac. Les droits d\u2019auteurs, ils iront \u00e0 l\u2019\u00e9diteur\u2026 pour les 70 prochaines ann\u00e9es.<\/p>\n<p>Vous travailleriez un an sans vacances, ni jours de repos, ni m\u00eame possibilit\u00e9 de prendre un arr\u00eat maladie (car cot\u00e9 s\u00e9curit\u00e9 sociale et retraite, les auteurs n\u2019ont rien de chez rien, tout en payant fort cher), 10 \u00e0 12 hr par jour, pour 833 \u20ac par mois et SEULEMENT une fois le travail fini, vous&nbsp;?<\/p>\n<p>Moi, pas. Quitte \u00e0 faire cela, je pr\u00e9f\u00e8re le faire pour mes propres cr\u00e9ations, ou pour des clients qui me payent mes illustrations rubis sur l\u2019ongle (enfin, c\u2019est une fa\u00e7on de parler, parce que je ne suis m\u00eame pas une illustratrice ch\u00e8re, loin de l\u00e0) et en sachant que hors de mes commandes, je n\u2019ai de comptes \u00e0 rendre \u00e0 personne et que mon travail m\u2019appartiendra toujours, puisque je ne c\u00e8de aucuns droit d\u2019auteur.<\/p>\n<p>Fondamentalement, je ne gagne pas beaucoup mieux ma vie que ces auteurs de b\u00e9d\u00e9. Mais au moins, je n\u2019ai pas le sentiment de me faire enfler avec du goudron et du verre pil\u00e9. Et j\u2019ai la possibilit\u00e9 de m\u2019arr\u00eater de temps en temps, d\u2019avoir quelques cong\u00e9s, de g\u00e9rer sans paniquer mes fr\u00e9quents soucis de sant\u00e9, sans que cela ne devienne une catastrophe. Alors, non, pour ma propre sant\u00e9 mentale et la s\u00e9r\u00e9nit\u00e9 de ma vie d\u2019autrice, illustratrice et cr\u00e9atrice, je ne ferai pas de bande dessin\u00e9e.<\/p>\n<p>Sauf quand je serai riche et que je n\u2019aurais pas \u00e0 le faire sous la pression de devoir gagner chichement ma survie \u00e0 tout prix.<\/p>\n<p>&nbsp;<\/p>\n","protected":false},"excerpt":{"rendered":"<p>Pourquoi je ne fais pas de bande dessin\u00e9e&nbsp;? Je pose la question car en fait, c\u2019est vous qui me la<\/p>\n","protected":false},"author":52,"featured_media":5931,"comment_status":"open","ping_status":"open","sticky":false,"template":"","format":"standard","meta":{"colormag_page_container_layout":"default_layout","colormag_page_sidebar_layout":"default_layout","jetpack_post_was_ever_published":false,"_jetpack_newsletter_access":"","_jetpack_dont_email_post_to_subs":false,"_jetpack_newsletter_tier_id":0,"_jetpack_memberships_contains_paywalled_content":false,"_jetpack_memberships_contains_paid_content":false,"footnotes":"","jetpack_publicize_message":"","jetpack_publicize_feature_enabled":true,"jetpack_social_post_already_shared":true,"jetpack_social_options":{"image_generator_settings":{"template":"highway","default_image_id":0,"font":"","enabled":false},"version":2}},"categories":[40,1,11],"tags":[133,59,242,407,119,18],"class_list":["post-5930","post","type-post","status-publish","format-standard","has-post-thumbnail","hentry","category-humeur","category-non-classe","category-blog","tag-axelle","tag-bede","tag-bouet","tag-humeur","tag-psychee","tag-travail"],"jetpack_publicize_connections":[],"jetpack_featured_media_url":"https:\/\/i0.wp.com\/www.psychee.org\/blog\/wp-content\/uploads\/2020\/01\/bandeau.png?fit=1098%2C589&ssl=1","jetpack_sharing_enabled":true,"jetpack_shortlink":"https:\/\/wp.me\/p2iISD-1xE","jetpack-related-posts":[{"id":5945,"url":"https:\/\/www.psychee.org\/blog\/2020-annee-de-la-bande-decimee\/","url_meta":{"origin":5930,"position":0},"title":"2020, ann\u00e9e de la Bande D\u00e9cim\u00e9e","author":"axelle Bouet","date":"29 janvier 2020","format":false,"excerpt":"Non, il n'y a pas de faute dans mon titre. Alors que le festival d\u2019Angoul\u00eame va battre son plein, je relaie ici une campagne lanc\u00e9e par les principales organisations professionnels d'auteurs, y compris de bande dessin\u00e9e, mais pas que, parce que cela concerne tout le secteur. Je ne vais pas\u2026","rel":"","context":"Dans &quot;Humeur&quot;","block_context":{"text":"Humeur","link":"https:\/\/www.psychee.org\/blog\/category\/non-classe\/humeur\/"},"img":{"alt_text":"","src":"https:\/\/i0.wp.com\/www.psychee.org\/blog\/wp-content\/uploads\/2020\/01\/83327299_2700571936646690_5407837006505967616_o.jpg?fit=1200%2C445&ssl=1&resize=350%2C200","width":350,"height":200,"srcset":"https:\/\/i0.wp.com\/www.psychee.org\/blog\/wp-content\/uploads\/2020\/01\/83327299_2700571936646690_5407837006505967616_o.jpg?fit=1200%2C445&ssl=1&resize=350%2C200 1x, https:\/\/i0.wp.com\/www.psychee.org\/blog\/wp-content\/uploads\/2020\/01\/83327299_2700571936646690_5407837006505967616_o.jpg?fit=1200%2C445&ssl=1&resize=525%2C300 1.5x, https:\/\/i0.wp.com\/www.psychee.org\/blog\/wp-content\/uploads\/2020\/01\/83327299_2700571936646690_5407837006505967616_o.jpg?fit=1200%2C445&ssl=1&resize=700%2C400 2x, https:\/\/i0.wp.com\/www.psychee.org\/blog\/wp-content\/uploads\/2020\/01\/83327299_2700571936646690_5407837006505967616_o.jpg?fit=1200%2C445&ssl=1&resize=1050%2C600 3x"},"classes":[]},{"id":1684,"url":"https:\/\/www.psychee.org\/blog\/summer-of-fail-ou-comment-ne-jamais-faire-de-bande-dessinee\/","url_meta":{"origin":5930,"position":1},"title":"Summer of Fail, ou comment ne jamais faire de bande dessin\u00e9e","author":"axelle Bouet","date":"15 ao\u00fbt 2014","format":false,"excerpt":"J'avais cet article dans mes bidules non publi\u00e9s sur le blog pour cause de non-fini, et de flemme crasse, concentration de poisson rouge, et facult\u00e9 \u00e0 passer du coq \u00e0 l'\u00e2ne qui concurrencerait un chaton sous acide. Mais donc, j'avais bien pr\u00e9vu de participer au d\u00e9fi d'Alias, le Summer of\u2026","rel":"","context":"Dans &quot;Humeur&quot;","block_context":{"text":"Humeur","link":"https:\/\/www.psychee.org\/blog\/category\/non-classe\/humeur\/"},"img":{"alt_text":"","src":"https:\/\/i0.wp.com\/www.psychee.org\/blog\/wp-content\/uploads\/2014\/08\/Summer-of-Fail-1200.jpg?fit=1200%2C567&ssl=1&resize=350%2C200","width":350,"height":200,"srcset":"https:\/\/i0.wp.com\/www.psychee.org\/blog\/wp-content\/uploads\/2014\/08\/Summer-of-Fail-1200.jpg?fit=1200%2C567&ssl=1&resize=350%2C200 1x, https:\/\/i0.wp.com\/www.psychee.org\/blog\/wp-content\/uploads\/2014\/08\/Summer-of-Fail-1200.jpg?fit=1200%2C567&ssl=1&resize=525%2C300 1.5x, https:\/\/i0.wp.com\/www.psychee.org\/blog\/wp-content\/uploads\/2014\/08\/Summer-of-Fail-1200.jpg?fit=1200%2C567&ssl=1&resize=700%2C400 2x, https:\/\/i0.wp.com\/www.psychee.org\/blog\/wp-content\/uploads\/2014\/08\/Summer-of-Fail-1200.jpg?fit=1200%2C567&ssl=1&resize=1050%2C600 3x"},"classes":[]},{"id":5948,"url":"https:\/\/www.psychee.org\/blog\/bande-decimee-angouleme-2020-suite-et-fin\/","url_meta":{"origin":5930,"position":2},"title":"Bande Decim\u00e9e, Angoul\u00eame 2020, suite et fin","author":"axelle Bouet","date":"1 f\u00e9vrier 2020","format":false,"excerpt":"Je ne vais pas vous emb\u00eater plus que cela. Oui, c'\u00e9tait du militantisme, oui, c\u2019\u00e9tait de la revendication, oui, j'ai fais gr\u00e9ve hier, enfin, comme j'ai pu... Comment on fait la gr\u00e9ve quand on fait une profession lib\u00e9rale, qui ne n\u00e9cessite pas de recevoir des clients, se passe chez soit,\u2026","rel":"","context":"Dans &quot;Artistes-auteurs&quot;","block_context":{"text":"Artistes-auteurs","link":"https:\/\/www.psychee.org\/blog\/category\/militantisme\/artistes-auteurs\/"},"img":{"alt_text":"","src":"https:\/\/i0.wp.com\/www.psychee.org\/blog\/wp-content\/uploads\/2020\/02\/bande-decimee.png?fit=826%2C315&ssl=1&resize=350%2C200","width":350,"height":200,"srcset":"https:\/\/i0.wp.com\/www.psychee.org\/blog\/wp-content\/uploads\/2020\/02\/bande-decimee.png?fit=826%2C315&ssl=1&resize=350%2C200 1x, https:\/\/i0.wp.com\/www.psychee.org\/blog\/wp-content\/uploads\/2020\/02\/bande-decimee.png?fit=826%2C315&ssl=1&resize=525%2C300 1.5x, https:\/\/i0.wp.com\/www.psychee.org\/blog\/wp-content\/uploads\/2020\/02\/bande-decimee.png?fit=826%2C315&ssl=1&resize=700%2C400 2x"},"classes":[]},{"id":2295,"url":"https:\/\/www.psychee.org\/blog\/le-monde-de-la-bede-devoile-par-ga\/","url_meta":{"origin":5930,"position":3},"title":"Le monde de la b\u00e9d\u00e9 d\u00e9voil\u00e9 par G\u00e4","author":"axelle Bouet","date":"3 mars 2015","format":false,"excerpt":"G\u00e4 (Ga\u00ebl Denhard), est un auteur de bande dessin\u00e9e, dessinateur de presse, animateur de blogs, et surtout dessinateur humoristique de grand talent \u00e0 la carri\u00e8re prolifique et, comme j'aime \u00e0 le dire \"int\u00e9ressante, y compris au sens chinois du terme\". J'ai eu le plaisir de faire sa connaissance virtuelle il\u2026","rel":"","context":"Dans &quot;Les copainches&quot;","block_context":{"text":"Les copainches","link":"https:\/\/www.psychee.org\/blog\/category\/non-classe\/les-copainches\/"},"img":{"alt_text":"","src":"https:\/\/i0.wp.com\/www.psychee.org\/blog\/wp-content\/uploads\/2015\/03\/ga1.jpg?fit=1200%2C1033&ssl=1&resize=350%2C200","width":350,"height":200,"srcset":"https:\/\/i0.wp.com\/www.psychee.org\/blog\/wp-content\/uploads\/2015\/03\/ga1.jpg?fit=1200%2C1033&ssl=1&resize=350%2C200 1x, https:\/\/i0.wp.com\/www.psychee.org\/blog\/wp-content\/uploads\/2015\/03\/ga1.jpg?fit=1200%2C1033&ssl=1&resize=525%2C300 1.5x, https:\/\/i0.wp.com\/www.psychee.org\/blog\/wp-content\/uploads\/2015\/03\/ga1.jpg?fit=1200%2C1033&ssl=1&resize=700%2C400 2x, https:\/\/i0.wp.com\/www.psychee.org\/blog\/wp-content\/uploads\/2015\/03\/ga1.jpg?fit=1200%2C1033&ssl=1&resize=1050%2C600 3x"},"classes":[]},{"id":2594,"url":"https:\/\/www.psychee.org\/blog\/sous-les-bulles-lautre-visage-du-monde-de-la-bd-video\/","url_meta":{"origin":5930,"position":4},"title":"Sous les bulles &#8211; L&rsquo;autre visage du monde de la BD (vid\u00e9o)","author":"axelle Bouet","date":"9 juin 2015","format":false,"excerpt":"Pendant que je bosse, il est fr\u00e9quent que je regarde des documentaires soit attrap\u00e9s au hasard sur le net, soit propos\u00e9s par des contacts. En g\u00e9n\u00e9ral, mon cerveau y colle une oreille, et \u00e7a m'occupe quelques neurones pendant que le reste vaque plus concentr\u00e9 alors \u00e0 mon taff, comme par\u2026","rel":"","context":"Dans &quot;Arts&quot;","block_context":{"text":"Arts","link":"https:\/\/www.psychee.org\/blog\/category\/non-classe\/arts\/"},"img":{"alt_text":"","src":"https:\/\/i0.wp.com\/www.psychee.org\/blog\/wp-content\/uploads\/2015\/06\/souslesbulles.jpg?fit=1100%2C526&ssl=1&resize=350%2C200","width":350,"height":200,"srcset":"https:\/\/i0.wp.com\/www.psychee.org\/blog\/wp-content\/uploads\/2015\/06\/souslesbulles.jpg?fit=1100%2C526&ssl=1&resize=350%2C200 1x, https:\/\/i0.wp.com\/www.psychee.org\/blog\/wp-content\/uploads\/2015\/06\/souslesbulles.jpg?fit=1100%2C526&ssl=1&resize=525%2C300 1.5x, https:\/\/i0.wp.com\/www.psychee.org\/blog\/wp-content\/uploads\/2015\/06\/souslesbulles.jpg?fit=1100%2C526&ssl=1&resize=700%2C400 2x, https:\/\/i0.wp.com\/www.psychee.org\/blog\/wp-content\/uploads\/2015\/06\/souslesbulles.jpg?fit=1100%2C526&ssl=1&resize=1050%2C600 3x"},"classes":[]},{"id":4228,"url":"https:\/\/www.psychee.org\/blog\/je-ne-parlerais-pas-de-valerian\/","url_meta":{"origin":5930,"position":5},"title":"Je ne parlerais pas de Val\u00e9rian\u2026","author":"axelle Bouet","date":"21 ao\u00fbt 2017","format":false,"excerpt":"\u2026 faut dire que c\u2019est l\u2019\u00e9v\u00e9nement oubliable de mon week-end genevois et que, quitte \u00e0 faire une critique d\u2019un truc digne d\u2019int\u00e9r\u00eat, je vais en faire plut\u00f4t de la bande dessin\u00e9e Zorglub, la Fille du Z. Mais commen\u00e7ons par remercier Isabelle et St\u00e9phane, mais aussi Sherrie, pour le week-end en\u2026","rel":"","context":"Dans &quot;Arts&quot;","block_context":{"text":"Arts","link":"https:\/\/www.psychee.org\/blog\/category\/non-classe\/arts\/"},"img":{"alt_text":"","src":"https:\/\/i0.wp.com\/www.psychee.org\/blog\/wp-content\/uploads\/2017\/08\/2191_rot_preview.jpg?fit=982%2C490&ssl=1&resize=350%2C200","width":350,"height":200,"srcset":"https:\/\/i0.wp.com\/www.psychee.org\/blog\/wp-content\/uploads\/2017\/08\/2191_rot_preview.jpg?fit=982%2C490&ssl=1&resize=350%2C200 1x, https:\/\/i0.wp.com\/www.psychee.org\/blog\/wp-content\/uploads\/2017\/08\/2191_rot_preview.jpg?fit=982%2C490&ssl=1&resize=525%2C300 1.5x, https:\/\/i0.wp.com\/www.psychee.org\/blog\/wp-content\/uploads\/2017\/08\/2191_rot_preview.jpg?fit=982%2C490&ssl=1&resize=700%2C400 2x"},"classes":[]}],"jetpack_likes_enabled":true,"_links":{"self":[{"href":"https:\/\/www.psychee.org\/blog\/wp-json\/wp\/v2\/posts\/5930","targetHints":{"allow":["GET"]}}],"collection":[{"href":"https:\/\/www.psychee.org\/blog\/wp-json\/wp\/v2\/posts"}],"about":[{"href":"https:\/\/www.psychee.org\/blog\/wp-json\/wp\/v2\/types\/post"}],"author":[{"embeddable":true,"href":"https:\/\/www.psychee.org\/blog\/wp-json\/wp\/v2\/users\/52"}],"replies":[{"embeddable":true,"href":"https:\/\/www.psychee.org\/blog\/wp-json\/wp\/v2\/comments?post=5930"}],"version-history":[{"count":1,"href":"https:\/\/www.psychee.org\/blog\/wp-json\/wp\/v2\/posts\/5930\/revisions"}],"predecessor-version":[{"id":5932,"href":"https:\/\/www.psychee.org\/blog\/wp-json\/wp\/v2\/posts\/5930\/revisions\/5932"}],"wp:featuredmedia":[{"embeddable":true,"href":"https:\/\/www.psychee.org\/blog\/wp-json\/wp\/v2\/media\/5931"}],"wp:attachment":[{"href":"https:\/\/www.psychee.org\/blog\/wp-json\/wp\/v2\/media?parent=5930"}],"wp:term":[{"taxonomy":"category","embeddable":true,"href":"https:\/\/www.psychee.org\/blog\/wp-json\/wp\/v2\/categories?post=5930"},{"taxonomy":"post_tag","embeddable":true,"href":"https:\/\/www.psychee.org\/blog\/wp-json\/wp\/v2\/tags?post=5930"}],"curies":[{"name":"wp","href":"https:\/\/api.w.org\/{rel}","templated":true}]}}