{"id":6696,"date":"2024-01-17T14:13:11","date_gmt":"2024-01-17T12:13:11","guid":{"rendered":"https:\/\/www.psychee.org\/blog\/?p=6696"},"modified":"2024-01-17T14:13:11","modified_gmt":"2024-01-17T12:13:11","slug":"une-petite-signature-pour-une-cause-immense","status":"publish","type":"post","link":"https:\/\/www.psychee.org\/blog\/une-petite-signature-pour-une-cause-immense\/","title":{"rendered":"Une petite signature pour une cause immense."},"content":{"rendered":"<p>Si vous voulez prot\u00e9ger le m\u00e9tier des cr\u00e9atifs qui \u00e9crivent et illustrent pour vos jeux de r\u00f4le pr\u00e9f\u00e9r\u00e9s (mais aussi pour tout le reste), venez faire un petit geste, ici&#8230; Il suffit de signer la p\u00e9tition, lanc\u00e9e par deux syndicats d&rsquo;artistes-auteurs (dont un dont je suis membre, oui)<br \/>\nEn voici un extrait qui r\u00e9sume son contenu et son objectif.<\/p>\n<p>Les secteurs de la culture et de la cr\u00e9ation emploient 3,8 % de la main-d\u2019\u0153uvre europ\u00e9enne et repr\u00e9sentent 4,4 % du PIB. Pourtant, ils se caract\u00e9risent par des mod\u00e8les de travail atypiques, des revenus irr\u00e9guliers et des possibilit\u00e9s limit\u00e9es de n\u00e9gociation sociale. Cette absence d&rsquo;un v\u00e9ritable statut protecteur des professionnel\u00b7les de la cr\u00e9ation a pour cons\u00e9quence d&rsquo;entra\u00eener du travail sous-pay\u00e9 ou non r\u00e9mun\u00e9r\u00e9, un ph\u00e9nom\u00e8ne de faux travail ind\u00e9pendant ou encore des contrats de rachat coercitifs. Les nouvelles technologies num\u00e9riques, telles que l&rsquo;Intelligence artificielle g\u00e9n\u00e9rative, posent \u00e9galement d&rsquo;immenses d\u00e9fis pour la protection du droit d\u2019auteur.<br \/>\nCette r\u00e9solution vise \u00e0 am\u00e9liorer les conditions de vie et de travail des professionnel\u00b7les des secteurs de la culture et de la cr\u00e9ation, en cr\u00e9ant une situation \u00e9quitable et \u00e9galitaire pour toutes et tous. Nous portons tous nos espoirs sur la mise en place des recommandations qu\u2019elle contient pour consacrer un v\u00e9ritable statut d\u2019artiste-auteur\u00b7ice qui permettra :<\/p>\n<p>un acc\u00e8s universel, efficace et simplifi\u00e9 \u00e0 un r\u00e9gime de protection social complet.<br \/>\nd\u2019assurer un niveau de vie minimum aux artistes-auteurs et autrices professionnel\u00b7les adapt\u00e9 \u00e0 leurs activit\u00e9s fragment\u00e9es et parfois multi statuts.<br \/>\nde consacrer l&rsquo;acte de cr\u00e9ation comme une activit\u00e9 professionnelle qui doit \u00eatre r\u00e9mun\u00e9r\u00e9e de mani\u00e8re \u00e9quitable et suffisante.<br \/>\nd\u2019interdire les contrats abusifs.<br \/>\nde renforcer les syndicats et la n\u00e9gociation collective.<br \/>\nde r\u00e9gulariser l&rsquo;Intelligence Artificielle.<br \/>\n<a href=\"https:\/\/www.change.org\/p\/fair-work-fair-pay-empowering-artist-authors-in-europe?recruiter=1326470922&amp;recruited_by_id=1246b1b0-b135-11ee-8a1d-9501d4accc45&amp;utm_source=share_petition&amp;utm_campaign=petition_dashboard&amp;utm_medium=copylink\">https:\/\/www.change.org\/p\/fair-work-fair-pay-empowering-artist-authors-in-europe?recruiter=1326470922&amp;recruited_by_id=1246b1b0-b135-11ee-8a1d-9501d4accc45&amp;utm_source=share_petition&amp;utm_campaign=petition_dashboard&amp;utm_medium=copylink<\/a><\/p>\n","protected":false},"excerpt":{"rendered":"<p>Si vous voulez prot\u00e9ger le m\u00e9tier des cr\u00e9atifs qui \u00e9crivent et illustrent pour vos jeux de r\u00f4le pr\u00e9f\u00e9r\u00e9s (mais aussi<\/p>\n","protected":false},"author":52,"featured_media":6697,"comment_status":"open","ping_status":"open","sticky":false,"template":"","format":"standard","meta":{"colormag_page_container_layout":"default_layout","colormag_page_sidebar_layout":"default_layout","jetpack_post_was_ever_published":false,"_jetpack_newsletter_access":"","_jetpack_dont_email_post_to_subs":false,"_jetpack_newsletter_tier_id":0,"_jetpack_memberships_contains_paywalled_content":false,"_jetpack_memberships_contains_paid_content":false,"footnotes":"","jetpack_publicize_message":"","jetpack_publicize_feature_enabled":true,"jetpack_social_post_already_shared":true,"jetpack_social_options":{"image_generator_settings":{"template":"highway","default_image_id":0,"font":"","enabled":false},"version":2}},"categories":[60,40,556,724,1],"tags":[205,133,242,407,733,732,18,31],"class_list":["post-6696","post","type-post","status-publish","format-standard","has-post-thumbnail","hentry","category-arts","category-humeur","category-litterature","category-news","category-non-classe","tag-artistes","tag-axelle","tag-bouet","tag-humeur","tag-la-charte-des-auteurs-et-illustrateurs-jeunesse","tag-petition","tag-travail","tag-web"],"jetpack_publicize_connections":[],"jetpack_featured_media_url":"https:\/\/i0.wp.com\/www.psychee.org\/blog\/wp-content\/uploads\/2024\/01\/031403165e60e634d6b67b4aae96dacf.png?fit=1010%2C454&ssl=1","jetpack_sharing_enabled":true,"jetpack_shortlink":"https:\/\/wp.me\/p2iISD-1K0","jetpack-related-posts":[{"id":6705,"url":"https:\/\/www.psychee.org\/blog\/payetonstatut-petition-pour-un-statut-europeen-des-artistes\/","url_meta":{"origin":6696,"position":0},"title":"#PayeTonStatut, p\u00e9tition pour un statut europ\u00e9en des artistes.","author":"axelle Bouet","date":"24 janvier 2024","format":false,"excerpt":"On va encore me dire que je suis en rogne. On aura raison... je suis aussi actuellement en crise de d\u00e9pression. Une petite, certes, mais cons\u00e9quence d'une ann\u00e9e p\u00e9nible, et qui annonce une nouvelle ann\u00e9e qui pue encore plus. Pour info, tous les secteurs cr\u00e9atifs sont en crise, et \u00e7a\u2026","rel":"","context":"Dans &quot;Artistes-auteurs&quot;","block_context":{"text":"Artistes-auteurs","link":"https:\/\/www.psychee.org\/blog\/category\/militantisme\/artistes-auteurs\/"},"img":{"alt_text":"","src":"https:\/\/i0.wp.com\/www.psychee.org\/blog\/wp-content\/uploads\/2024\/01\/Sans-titre-1.png?fit=1200%2C750&ssl=1&resize=350%2C200","width":350,"height":200,"srcset":"https:\/\/i0.wp.com\/www.psychee.org\/blog\/wp-content\/uploads\/2024\/01\/Sans-titre-1.png?fit=1200%2C750&ssl=1&resize=350%2C200 1x, https:\/\/i0.wp.com\/www.psychee.org\/blog\/wp-content\/uploads\/2024\/01\/Sans-titre-1.png?fit=1200%2C750&ssl=1&resize=525%2C300 1.5x, https:\/\/i0.wp.com\/www.psychee.org\/blog\/wp-content\/uploads\/2024\/01\/Sans-titre-1.png?fit=1200%2C750&ssl=1&resize=700%2C400 2x, https:\/\/i0.wp.com\/www.psychee.org\/blog\/wp-content\/uploads\/2024\/01\/Sans-titre-1.png?fit=1200%2C750&ssl=1&resize=1050%2C600 3x"},"classes":[]},{"id":4402,"url":"https:\/\/www.psychee.org\/blog\/payetonauteur-tu-sais-le-gars-qui-fournit-la-creation-que-tu-vend\/","url_meta":{"origin":6696,"position":1},"title":"#payetonauteur ; tu sais, le gars qui fournit la cr\u00e9ation que tu vend ?","author":"axelle Bouet","date":"5 mars 2018","format":false,"excerpt":"(Cr\u00e9dits\u00a0: Peter Castleton, CC BY 2.0 ) Avant de d\u00e9tailler plus en avant l\u2019affaire qui concerne le Salon du Livre Paris, je vais rappeler quelques \u00e9vidences et brosser un rapide portrait g\u00e9n\u00e9ral du probl\u00e8me. Et \u00e7a vous expliquera pourquoi je ne vais \u00e0 aucun salon litt\u00e9raire de pr\u00e8s ou de\u2026","rel":"","context":"Dans &quot;Humeur&quot;","block_context":{"text":"Humeur","link":"https:\/\/www.psychee.org\/blog\/category\/non-classe\/humeur\/"},"img":{"alt_text":"","src":"https:\/\/i0.wp.com\/www.psychee.org\/blog\/wp-content\/uploads\/2018\/03\/3831424732_cec4ce5501_z.jpg?fit=640%2C425&ssl=1&resize=350%2C200","width":350,"height":200,"srcset":"https:\/\/i0.wp.com\/www.psychee.org\/blog\/wp-content\/uploads\/2018\/03\/3831424732_cec4ce5501_z.jpg?fit=640%2C425&ssl=1&resize=350%2C200 1x, https:\/\/i0.wp.com\/www.psychee.org\/blog\/wp-content\/uploads\/2018\/03\/3831424732_cec4ce5501_z.jpg?fit=640%2C425&ssl=1&resize=525%2C300 1.5x"},"classes":[]},{"id":4674,"url":"https:\/\/www.psychee.org\/blog\/des-fetes-et-noubliez-pas-de-rever\/","url_meta":{"origin":6696,"position":2},"title":"Des f\u00eates et des victoires !","author":"axelle Bouet","date":"25 d\u00e9cembre 2018","format":false,"excerpt":"(PS :\u00a0 jeu de mot du titre par St\u00e9phane Gallay, tapez-le lui !) Il est l'heure de vous souhaiter tous mes v\u0153ux pour les f\u00eates de fin d\u2019ann\u00e9e. Je ne suis pas dou\u00e9e \u00e0 l'exercice, alors, ce que je veux vous souhaiter \u00e0 vous tout et de continuer \u00e0 r\u00eaver,\u2026","rel":"","context":"Dans &quot;Humeur&quot;","block_context":{"text":"Humeur","link":"https:\/\/www.psychee.org\/blog\/category\/non-classe\/humeur\/"},"img":{"alt_text":"","src":"https:\/\/i0.wp.com\/www.psychee.org\/blog\/wp-content\/uploads\/2018\/12\/badass_vader-2018-voeux.jpg?fit=1200%2C960&ssl=1&resize=350%2C200","width":350,"height":200,"srcset":"https:\/\/i0.wp.com\/www.psychee.org\/blog\/wp-content\/uploads\/2018\/12\/badass_vader-2018-voeux.jpg?fit=1200%2C960&ssl=1&resize=350%2C200 1x, https:\/\/i0.wp.com\/www.psychee.org\/blog\/wp-content\/uploads\/2018\/12\/badass_vader-2018-voeux.jpg?fit=1200%2C960&ssl=1&resize=525%2C300 1.5x, https:\/\/i0.wp.com\/www.psychee.org\/blog\/wp-content\/uploads\/2018\/12\/badass_vader-2018-voeux.jpg?fit=1200%2C960&ssl=1&resize=700%2C400 2x, https:\/\/i0.wp.com\/www.psychee.org\/blog\/wp-content\/uploads\/2018\/12\/badass_vader-2018-voeux.jpg?fit=1200%2C960&ssl=1&resize=1050%2C600 3x"},"classes":[]},{"id":6727,"url":"https:\/\/www.psychee.org\/blog\/incompetence-cynisme-et-ia-generatives-dans-ledition-de-jeux-de-role\/","url_meta":{"origin":6696,"position":3},"title":"Incomp\u00e9tence, cynisme et IA g\u00e9n\u00e9ratives dans l&rsquo;\u00e9dition de jeux de r\u00f4le","author":"axelle Bouet","date":"21 f\u00e9vrier 2024","format":false,"excerpt":"Haaaa, l\u2019incomp\u00e9tence... Oui, parce que quand un professionnel vous dit : \u00ab je ne savais pas\/je ne m\u2019en suis pas rendu compte\/j\u2019ai oubli\u00e9 \u00bb, il vient de faire la d\u00e9monstration de son incomp\u00e9tence. Et vous savez quoi ? C\u2019est pas grave ! On est tous, \u00e0 un moment ou un\u2026","rel":"","context":"Dans &quot;Artistes-auteurs&quot;","block_context":{"text":"Artistes-auteurs","link":"https:\/\/www.psychee.org\/blog\/category\/militantisme\/artistes-auteurs\/"},"img":{"alt_text":"","src":"https:\/\/i0.wp.com\/www.psychee.org\/blog\/wp-content\/uploads\/2024\/02\/47a4ae0e67ec83eabb33c8fb8cde98c9.png?fit=1124%2C643&ssl=1&resize=350%2C200","width":350,"height":200,"srcset":"https:\/\/i0.wp.com\/www.psychee.org\/blog\/wp-content\/uploads\/2024\/02\/47a4ae0e67ec83eabb33c8fb8cde98c9.png?fit=1124%2C643&ssl=1&resize=350%2C200 1x, https:\/\/i0.wp.com\/www.psychee.org\/blog\/wp-content\/uploads\/2024\/02\/47a4ae0e67ec83eabb33c8fb8cde98c9.png?fit=1124%2C643&ssl=1&resize=525%2C300 1.5x, https:\/\/i0.wp.com\/www.psychee.org\/blog\/wp-content\/uploads\/2024\/02\/47a4ae0e67ec83eabb33c8fb8cde98c9.png?fit=1124%2C643&ssl=1&resize=700%2C400 2x, https:\/\/i0.wp.com\/www.psychee.org\/blog\/wp-content\/uploads\/2024\/02\/47a4ae0e67ec83eabb33c8fb8cde98c9.png?fit=1124%2C643&ssl=1&resize=1050%2C600 3x"},"classes":[]},{"id":5948,"url":"https:\/\/www.psychee.org\/blog\/bande-decimee-angouleme-2020-suite-et-fin\/","url_meta":{"origin":6696,"position":4},"title":"Bande Decim\u00e9e, Angoul\u00eame 2020, suite et fin","author":"axelle Bouet","date":"1 f\u00e9vrier 2020","format":false,"excerpt":"Je ne vais pas vous emb\u00eater plus que cela. Oui, c'\u00e9tait du militantisme, oui, c\u2019\u00e9tait de la revendication, oui, j'ai fais gr\u00e9ve hier, enfin, comme j'ai pu... Comment on fait la gr\u00e9ve quand on fait une profession lib\u00e9rale, qui ne n\u00e9cessite pas de recevoir des clients, se passe chez soit,\u2026","rel":"","context":"Dans &quot;Artistes-auteurs&quot;","block_context":{"text":"Artistes-auteurs","link":"https:\/\/www.psychee.org\/blog\/category\/militantisme\/artistes-auteurs\/"},"img":{"alt_text":"","src":"https:\/\/i0.wp.com\/www.psychee.org\/blog\/wp-content\/uploads\/2020\/02\/bande-decimee.png?fit=826%2C315&ssl=1&resize=350%2C200","width":350,"height":200,"srcset":"https:\/\/i0.wp.com\/www.psychee.org\/blog\/wp-content\/uploads\/2020\/02\/bande-decimee.png?fit=826%2C315&ssl=1&resize=350%2C200 1x, https:\/\/i0.wp.com\/www.psychee.org\/blog\/wp-content\/uploads\/2020\/02\/bande-decimee.png?fit=826%2C315&ssl=1&resize=525%2C300 1.5x, https:\/\/i0.wp.com\/www.psychee.org\/blog\/wp-content\/uploads\/2020\/02\/bande-decimee.png?fit=826%2C315&ssl=1&resize=700%2C400 2x"},"classes":[]},{"id":5930,"url":"https:\/\/www.psychee.org\/blog\/pourquoi-je-ne-fais-pas-de-bande-dessinee\/","url_meta":{"origin":6696,"position":5},"title":"Pourquoi je ne fais pas de bande dessin\u00e9e\u00a0?","author":"axelle Bouet","date":"26 janvier 2020","format":false,"excerpt":"Pourquoi je ne fais pas de bande dessin\u00e9e\u00a0? Je pose la question car en fait, c\u2019est vous qui me la posez et qui, souvent, \u00eates enthousiastes \u00e0 l\u2019id\u00e9e qu\u2019un jour, je fasse une bande dessin\u00e9e. Oui, je sais, mon trait s\u2019y pr\u00eate, mon traitement de noir et blanc et d\u2019encrage\u2026","rel":"","context":"Dans &quot;Humeur&quot;","block_context":{"text":"Humeur","link":"https:\/\/www.psychee.org\/blog\/category\/non-classe\/humeur\/"},"img":{"alt_text":"","src":"https:\/\/i0.wp.com\/www.psychee.org\/blog\/wp-content\/uploads\/2020\/01\/bandeau.png?fit=1098%2C589&ssl=1&resize=350%2C200","width":350,"height":200,"srcset":"https:\/\/i0.wp.com\/www.psychee.org\/blog\/wp-content\/uploads\/2020\/01\/bandeau.png?fit=1098%2C589&ssl=1&resize=350%2C200 1x, https:\/\/i0.wp.com\/www.psychee.org\/blog\/wp-content\/uploads\/2020\/01\/bandeau.png?fit=1098%2C589&ssl=1&resize=525%2C300 1.5x, https:\/\/i0.wp.com\/www.psychee.org\/blog\/wp-content\/uploads\/2020\/01\/bandeau.png?fit=1098%2C589&ssl=1&resize=700%2C400 2x, https:\/\/i0.wp.com\/www.psychee.org\/blog\/wp-content\/uploads\/2020\/01\/bandeau.png?fit=1098%2C589&ssl=1&resize=1050%2C600 3x"},"classes":[]}],"jetpack_likes_enabled":true,"_links":{"self":[{"href":"https:\/\/www.psychee.org\/blog\/wp-json\/wp\/v2\/posts\/6696","targetHints":{"allow":["GET"]}}],"collection":[{"href":"https:\/\/www.psychee.org\/blog\/wp-json\/wp\/v2\/posts"}],"about":[{"href":"https:\/\/www.psychee.org\/blog\/wp-json\/wp\/v2\/types\/post"}],"author":[{"embeddable":true,"href":"https:\/\/www.psychee.org\/blog\/wp-json\/wp\/v2\/users\/52"}],"replies":[{"embeddable":true,"href":"https:\/\/www.psychee.org\/blog\/wp-json\/wp\/v2\/comments?post=6696"}],"version-history":[{"count":1,"href":"https:\/\/www.psychee.org\/blog\/wp-json\/wp\/v2\/posts\/6696\/revisions"}],"predecessor-version":[{"id":6698,"href":"https:\/\/www.psychee.org\/blog\/wp-json\/wp\/v2\/posts\/6696\/revisions\/6698"}],"wp:featuredmedia":[{"embeddable":true,"href":"https:\/\/www.psychee.org\/blog\/wp-json\/wp\/v2\/media\/6697"}],"wp:attachment":[{"href":"https:\/\/www.psychee.org\/blog\/wp-json\/wp\/v2\/media?parent=6696"}],"wp:term":[{"taxonomy":"category","embeddable":true,"href":"https:\/\/www.psychee.org\/blog\/wp-json\/wp\/v2\/categories?post=6696"},{"taxonomy":"post_tag","embeddable":true,"href":"https:\/\/www.psychee.org\/blog\/wp-json\/wp\/v2\/tags?post=6696"}],"curies":[{"name":"wp","href":"https:\/\/api.w.org\/{rel}","templated":true}]}}